{"id":8904,"date":"2025-12-05T07:40:09","date_gmt":"2025-12-05T06:40:09","guid":{"rendered":"https:\/\/www.solskiekovrt.si\/?p=8904"},"modified":"2025-12-05T09:23:05","modified_gmt":"2025-12-05T08:23:05","slug":"elementor-8904","status":"publish","type":"post","link":"https:\/\/www.solskiekovrt.si\/en\/elementor-8904\/","title":{"rendered":"Svetovni dan tal 2025 &#8211; razglasitev rezultatov nate\u010daja &#8220;Ne izgubimo tal pod nogami&#8221;"},"content":{"rendered":"<div data-elementor-type=\"wp-post\" data-elementor-id=\"8904\" class=\"elementor elementor-8904\">\n\t\t\t\t<div class=\"elementor-element elementor-element-dab0633 e-flex e-con-boxed e-con e-parent\" data-id=\"dab0633\" data-element_type=\"container\" data-e-type=\"container\">\n\t\t\t\t\t<div class=\"e-con-inner\">\n\t\t\t\t<div class=\"elementor-element elementor-element-371e2a3 elementor-widget elementor-widget-text-editor\" data-id=\"371e2a3\" data-element_type=\"widget\" data-e-type=\"widget\" data-widget_type=\"text-editor.default\">\n\t\t\t\t<div class=\"elementor-widget-container\">\n\t\t\t\t\t\t\t\t\t<p>Leto\u0161nji <strong>Svetovni dan tal<\/strong>, ki ga obele\u017eujemo na <strong>5. december<\/strong> smo po\u010dastili na prav poseben na\u010din &#8211; z razglasitvijo zmagovalk video nate\u010daja <strong>&#8220;Ne izgubimo tal pod nogami!\u201d<\/strong>, ki smo ga na dru\u0161tvu \u0160olski ekovrtovi pripravili v okviru projekta <strong>Glasovi pode\u017eelja &#8211; Rural Voices 2030.<\/strong><\/p><p><br \/>V kategoriji <strong>Skupinski video<\/strong> so zmagale <strong>Aj\u0161a Pav\u0161ek, Aja Krajnc in Gaja Gole\u017e<\/strong> &#8211; dijakinje \u0160olskega centra Velenje, \u0160ole za strojni\u0161tvo, geotehniko in okolje.<\/p><p><br \/>V kategoriji <strong>Individualni video<\/strong> je bila najbolj\u0161a <strong>Minea Trojer Smre\u010dnik<\/strong> , dijakinja Gimnazije Nova Gorica.<\/p><p><br \/><span style=\"text-decoration: underline;\">\u010cestitamo za odli\u010dne videe!<\/span><\/p><p><br \/>Hvala vsem, ki vam je mar za varovanje tal!<\/p>\t\t\t\t\t\t\t\t<\/div>\n\t\t\t\t<\/div>\n\t\t\t\t<div class=\"elementor-element elementor-element-f5a6668 elementor-widget elementor-widget-video\" data-id=\"f5a6668\" data-element_type=\"widget\" data-e-type=\"widget\" data-settings=\"{&quot;video_type&quot;:&quot;hosted&quot;,&quot;controls&quot;:&quot;yes&quot;}\" data-widget_type=\"video.default\">\n\t\t\t\t<div class=\"elementor-widget-container\">\n\t\t\t\t\t\t\t<div class=\"e-hosted-video elementor-wrapper elementor-open-inline\">\n\t\t\t\t\t<video class=\"elementor-video\" src=\"https:\/\/www.solskiekovrt.si\/wp-content\/uploads\/2025\/12\/Individualni-video-Gimnazija-Nova-Gorica.mp4\" controls=\"\" preload=\"metadata\" controlslist=\"nodownload\"><\/video>\n\t\t\t\t<\/div>\n\t\t\t\t\t\t<\/div>\n\t\t\t\t<\/div>\n\t\t\t\t<div class=\"elementor-element elementor-element-b2b76bd elementor-widget elementor-widget-video\" data-id=\"b2b76bd\" data-element_type=\"widget\" data-e-type=\"widget\" data-settings=\"{&quot;video_type&quot;:&quot;hosted&quot;,&quot;controls&quot;:&quot;yes&quot;}\" data-widget_type=\"video.default\">\n\t\t\t\t<div class=\"elementor-widget-container\">\n\t\t\t\t\t\t\t<div class=\"e-hosted-video elementor-wrapper elementor-open-inline\">\n\t\t\t\t\t<video class=\"elementor-video\" src=\"https:\/\/www.solskiekovrt.si\/wp-content\/uploads\/2025\/12\/Skupinski-projekt-SCV.mp4\" controls=\"\" preload=\"metadata\" controlslist=\"nodownload\"><\/video>\n\t\t\t\t<\/div>\n\t\t\t\t\t\t<\/div>\n\t\t\t\t<\/div>\n\t\t\t\t\t<\/div>\n\t\t\t\t<\/div>\n\t\t\t\t<\/div>","protected":false},"excerpt":{"rendered":"<p>Leto\u0161nji Svetovni dan tal, ki ga obele\u017eujemo na 5. december smo po\u010dastili na prav poseben na\u010din &#8211; z razglasitvijo zmagovalk video nate\u010daja &#8220;Ne izgubimo tal pod nogami!\u201d, ki smo ga na dru\u0161tvu \u0160olski ekovrtovi pripravili v okviru projekta Glasovi pode\u017eelja &#8211; Rural Voices 2030. V kategoriji Skupinski video so zmagale Aj\u0161a Pav\u0161ek, Aja Krajnc in Gaja Gole\u017e &#8211; dijakinje \u0160olskega centra Velenje, \u0160ole za <a href=\"https:\/\/www.solskiekovrt.si\/en\/elementor-8904\/#more-'\" class=\"more-link\">ve\u010d \u00bb<\/a><\/p>","protected":false},"author":258,"featured_media":0,"comment_status":"closed","ping_status":"closed","sticky":false,"template":"","format":"standard","meta":{"footnotes":""},"categories":[27,44,102],"tags":[125],"class_list":["post-8904","post","type-post","status-publish","format-standard","hentry","category-blog","category-novice","category-projekt","tag-ruralvoices2030-rv2030-youth-award-worldsoilday"],"jetpack_featured_media_url":"","_links":{"self":[{"href":"https:\/\/www.solskiekovrt.si\/en\/wp-json\/wp\/v2\/posts\/8904","targetHints":{"allow":["GET"]}}],"collection":[{"href":"https:\/\/www.solskiekovrt.si\/en\/wp-json\/wp\/v2\/posts"}],"about":[{"href":"https:\/\/www.solskiekovrt.si\/en\/wp-json\/wp\/v2\/types\/post"}],"author":[{"embeddable":true,"href":"https:\/\/www.solskiekovrt.si\/en\/wp-json\/wp\/v2\/users\/258"}],"replies":[{"embeddable":true,"href":"https:\/\/www.solskiekovrt.si\/en\/wp-json\/wp\/v2\/comments?post=8904"}],"version-history":[{"count":5,"href":"https:\/\/www.solskiekovrt.si\/en\/wp-json\/wp\/v2\/posts\/8904\/revisions"}],"predecessor-version":[{"id":8911,"href":"https:\/\/www.solskiekovrt.si\/en\/wp-json\/wp\/v2\/posts\/8904\/revisions\/8911"}],"wp:attachment":[{"href":"https:\/\/www.solskiekovrt.si\/en\/wp-json\/wp\/v2\/media?parent=8904"}],"wp:term":[{"taxonomy":"category","embeddable":true,"href":"https:\/\/www.solskiekovrt.si\/en\/wp-json\/wp\/v2\/categories?post=8904"},{"taxonomy":"post_tag","embeddable":true,"href":"https:\/\/www.solskiekovrt.si\/en\/wp-json\/wp\/v2\/tags?post=8904"}],"curies":[{"name":"wp","href":"https:\/\/api.w.org\/{rel}","templated":true}]}}