{"id":8770,"date":"2025-09-15T15:32:32","date_gmt":"2025-09-15T14:32:32","guid":{"rendered":"https:\/\/www.solskiekovrt.si\/?p=8770"},"modified":"2025-10-30T13:32:18","modified_gmt":"2025-10-30T12:32:18","slug":"pridobite-podporo-8-000-e-za-svoj-projekt","status":"publish","type":"post","link":"https:\/\/www.solskiekovrt.si\/en\/pridobite-podporo-8-000-e-za-svoj-projekt\/","title":{"rendered":"Pridobite podporo 8.000 \u20ac za svoj projekt"},"content":{"rendered":"<div data-elementor-type=\"wp-post\" data-elementor-id=\"8770\" class=\"elementor elementor-8770\">\n\t\t\t\t<div class=\"elementor-element elementor-element-13b2e33 e-flex e-con-boxed e-con e-parent\" data-id=\"13b2e33\" data-element_type=\"container\" data-e-type=\"container\">\n\t\t\t\t\t<div class=\"e-con-inner\">\n\t\t\t\t<div class=\"elementor-element elementor-element-23a2849 elementor-widget elementor-widget-text-editor\" data-id=\"23a2849\" data-element_type=\"widget\" data-e-type=\"widget\" data-widget_type=\"text-editor.default\">\n\t\t\t\t<div class=\"elementor-widget-container\">\n\t\t\t\t\t\t\t\t\t<p><span style=\"color: #000000;\">Projekt EU Glasovi pode\u017eelja &#8211; Rural Voices 2030 lahko v Sloveniji podpre do tri manj\u0161e projekte z 8.000 evri na projekt. Projekti so zasnovani za podporo mladinskim pobudam, ki obravnavajo ohranjanje tal in enakost spolov. <strong>Rok za oddajo: 29. oktober 2025<\/strong>, obvestilo o izboru 1. 12. 2025, predviden za\u010detek projektov: 15. december 2025.<\/span><\/p><p><span style=\"color: #000000;\">Do financiranja so upravi\u010deni projekti, ki dose\u017eejo in aktivno vklju\u010dujejo mlade do 30. leta starosti na pode\u017eelju. Cilj je opolnomo\u010diti to ciljno skupino, da prepozna in kriti\u010dno preu\u010di globalne povezave ter u\u010dinkovito ukrepa na lokalni ravni. Poudarek je na ohranjanju tal in enakosti spolov \u2013 dveh klju\u010dnih globalnih izzivih s konkretnim lokalnim pomenom.<\/span><\/p><p><span style=\"color: #000000;\">Podprli bomo <strong>ustvarjalne, participativne in u\u010dinkovite oblike<\/strong>, ki globalna vpra\u0161anja naredijo vidna in oprijemljiva na lokalni ravni, z uporabo tem <strong>varstva tal, trajnostnega razvoja in e<\/strong><strong>nakosti spolov<\/strong>. Strokovno znanje, spretnosti in izku\u0161nje bomo delili mednarodno v okviru projekta Glasovi pode\u017eelja &#8211; Rural Voices 2030.<\/span><\/p><p><span style=\"color: #000000;\">Podprli bomo projekte, ki dose\u017eejo in aktivno vklju\u010dujejo mlade med <strong>15. in 30. letom<\/strong> starosti na pode\u017eelju v Sloveniji.<\/span><\/p><p><span style=\"color: #000000;\"><strong>Kaj financiramo?<\/strong><\/span><\/p><p><span style=\"color: #000000;\">Financiranje je namenjeno razvoju in izvajanju ustvarjalnih, participativnih in visoko u\u010dinkovitih izobra\u017eevalnih oblik. Ti lahko vklju\u010dujejo:<\/span><\/p><p><span style=\"color: #000000;\">&#8211; uli\u010dne akcije, umetni\u0161ke predstave, dejavnosti na lokalnih festivalih,<\/span><\/p><p><span style=\"color: #000000;\">&#8211; vizualne in interaktivne postavitve, oblikovanje iger, uli\u010dna in krajinska umetnost,<\/span><\/p><p><span style=\"color: #000000;\">&#8211; pojavne akcijske prostore (pop-up akcije) kot fizi\u010dne prostore za sre\u010danja<\/span><\/p><p><span style=\"color: #000000;\">&#8211; kampanje na dru\u017eabnih medijih.<\/span><\/p><p><span style=\"color: #000000;\">Projekt ne \u017eeli le informirati, temve\u010d tudi aktivirati mlade na pode\u017eelju, odpreti prostor za njihovo lastno delovanje in z ustvarjalnimi metodami narediti globalna vpra\u0161anja lokalno oprijemljiva. Cilj je trajnostna izobra\u017eevalna spodbuda, ki sega preko meja projekta.<\/span><\/p><p><span style=\"color: #000000;\">\ud83d\udccc <strong>Klju\u010dna dejstva<\/strong><\/span><\/p><ul><li><span style=\"color: #000000;\">Glavna ciljna skupina: Mladi med 15 in 30 let na pode\u017eelju<\/span><\/li><li><span style=\"color: #000000;\">Upravi\u010den prora\u010dun: 8.000 \u20ac<\/span><\/li><li><span style=\"color: #000000;\">Trajanje projekta: 6\u201310 mesecev (za\u010detek 15. 12.2025, najkasnej\u0161i zaklju\u010dek 15. 10. 2026),<\/span><\/li><li><span style=\"color: #000000;\">Upravi\u010dene dejavnosti: ustvarjalne, participativne in odmevne izobra\u017eevalne oblike<\/span><\/li><li><span style=\"color: #000000;\">Ni upravi\u010deno: tehnolo\u0161ki razvoj, nakup opreme, teko\u010di obratovalni stro\u0161ki izvajalca, ki niso vezani na dejavnosti projekta, ter projekti, ki se za\u010dnejo pred odobritvijo<\/span><\/li><\/ul><p><span style=\"color: #000000;\">\ud83d\udd17 <strong>Pridru\u017eite se zdaj!<\/strong><\/span><\/p><p><span style=\"color: #000000;\">Vabimo nevladne organizacije, da predlo\u017eijo svoje inovativne koncepte za razvojno izobra\u017eevanje na pode\u017eelju. Skupaj bomo globalna vpra\u0161anja naredili vidna in oprijemljiva na lokalni ravni.<\/span><\/p><p><span style=\"color: #000000;\">\ud83d\udc49<strong> Info sre\u010danje (spletna informativna seja):<\/strong><\/span><\/p><p><span style=\"color: #000000;\">Imate \u0161e vpra\u0161anja o prijavi projekta? Za va\u0161a vpra\u0161anja bomo na voljo prek Zooma v <strong>\u010detrtek, 2. oktobra 2025, od 16. do 17. ure<\/strong>. Prijavite se \u017ee zdaj po e-po\u0161ti. Najpomembnej\u0161i odgovori bodo kasneje na voljo v razdelku pogosta vpra\u0161anja.<\/span><\/p><p><span style=\"color: #000000;\"><strong>Kontakt: <\/strong>Tja\u0161a Vi\u010di\u010d na naslovu <a style=\"color: #000000;\" href=\"mailto:drustvo.sev@dsev.si\">drustvo.sev@dsev.si<\/a><\/span><\/p><p><span style=\"color: #000000;\"><strong>Priloge<\/strong><\/span><\/p><p><span style=\"color: #000000;\">\u00a0\u00a0\u00a0\u00a0\u00a0\u00a0\u00a0\u00a0\u00a0\u00a0\u00a0\u00a0 Priloga 1: <a href=\"https:\/\/www.solskiekovrt.si\/wp-content\/uploads\/2025\/09\/SG-priloga-1-Projektna-vloga_RV-2.docx\">Predloga za prijavo projekta<\/a><\/span><\/p><p><span style=\"color: #000000;\">\u00a0\u00a0\u00a0\u00a0\u00a0\u00a0\u00a0\u00a0\u00a0\u00a0\u00a0\u00a0 Priloga 2: <a href=\"https:\/\/www.solskiekovrt.si\/wp-content\/uploads\/2025\/09\/SG-priloga-2_proracun-1-2.xlsx\">Predloga za predlog prora\u010duna<\/a><\/span><\/p><p><span style=\"color: #000000;\">\u00a0 \u00a0 \u00a0 \u00a0 \u00a0 \u00a0 \u00a0Priloga 3: <a href=\"https:\/\/www.solskiekovrt.si\/wp-content\/uploads\/2025\/09\/SG-priloga-3_izjava-prijavitelja.pdf\">Predloga izjave prijavitelja<\/a>\u00a0<\/span><\/p><p><span style=\"color: #000000;\">\u00a0\u00a0\u00a0\u00a0\u00a0\u00a0\u00a0\u00a0\u00a0\u00a0\u00a0\u00a0 Priloga 4: <a href=\"https:\/\/www.solskiekovrt.si\/wp-content\/uploads\/2025\/09\/SG-priloga-4-Declaration-of-Honor-EC-template.pdf\">\u010castna izjava\u00a0\u00a0<\/a><br \/><br \/><\/span>Za ostale priloge, glej Smernice za vlo\u017eitev projektih idej!\u00a0<\/p><p><a href=\"https:\/\/www.solskiekovrt.si\/wp-content\/uploads\/2025\/10\/SG-Smernice-za-vlozitev-projektnih-zamisli_Rural-Voices-2030-dopolnjena-verzija-z-dne-6.-10.-2025.pdf\">Smernice za vlo\u017eitev projektnih idej (dopolnjena dne 6. 10. 2025).<\/a><br \/><br \/><\/p>\t\t\t\t\t\t\t\t<\/div>\n\t\t\t\t<\/div>\n\t\t\t\t<div class=\"elementor-element elementor-element-4da6e6a elementor-widget elementor-widget-image\" data-id=\"4da6e6a\" data-element_type=\"widget\" data-e-type=\"widget\" data-widget_type=\"image.default\">\n\t\t\t\t<div class=\"elementor-widget-container\">\n\t\t\t\t\t\t\t\t\t\t\t\t\t\t\t<img fetchpriority=\"high\" decoding=\"async\" width=\"645\" height=\"93\" src=\"https:\/\/www.solskiekovrt.si\/wp-content\/uploads\/2025\/09\/Posnetek-zaslona-2025-09-15-135415-1024x147.png\" class=\"attachment-large size-large wp-image-8778\" alt=\"\" srcset=\"https:\/\/www.solskiekovrt.si\/wp-content\/uploads\/2025\/09\/Posnetek-zaslona-2025-09-15-135415-1024x147.png 1024w, https:\/\/www.solskiekovrt.si\/wp-content\/uploads\/2025\/09\/Posnetek-zaslona-2025-09-15-135415-300x43.png 300w, https:\/\/www.solskiekovrt.si\/wp-content\/uploads\/2025\/09\/Posnetek-zaslona-2025-09-15-135415-768x110.png 768w, https:\/\/www.solskiekovrt.si\/wp-content\/uploads\/2025\/09\/Posnetek-zaslona-2025-09-15-135415-18x3.png 18w, https:\/\/www.solskiekovrt.si\/wp-content\/uploads\/2025\/09\/Posnetek-zaslona-2025-09-15-135415-628x90.png 628w, https:\/\/www.solskiekovrt.si\/wp-content\/uploads\/2025\/09\/Posnetek-zaslona-2025-09-15-135415.png 1312w\" sizes=\"(max-width: 645px) 100vw, 645px\" \/>\t\t\t\t\t\t\t\t\t\t\t\t\t\t\t<\/div>\n\t\t\t\t<\/div>\n\t\t\t\t\t<\/div>\n\t\t\t\t<\/div>\n\t\t\t\t<\/div>","protected":false},"excerpt":{"rendered":"","protected":false},"author":258,"featured_media":0,"comment_status":"closed","ping_status":"closed","sticky":false,"template":"","format":"standard","meta":{"footnotes":""},"categories":[27,44,102],"tags":[121],"class_list":["post-8770","post","type-post","status-publish","format-standard","hentry","category-blog","category-novice","category-projekt","tag-ruralvoices2030-solski-ekovrtovi-schoolecogarden-dear-programme-razpis-subgranting-nvo-youthwork-ngo"],"jetpack_featured_media_url":"","_links":{"self":[{"href":"https:\/\/www.solskiekovrt.si\/en\/wp-json\/wp\/v2\/posts\/8770","targetHints":{"allow":["GET"]}}],"collection":[{"href":"https:\/\/www.solskiekovrt.si\/en\/wp-json\/wp\/v2\/posts"}],"about":[{"href":"https:\/\/www.solskiekovrt.si\/en\/wp-json\/wp\/v2\/types\/post"}],"author":[{"embeddable":true,"href":"https:\/\/www.solskiekovrt.si\/en\/wp-json\/wp\/v2\/users\/258"}],"replies":[{"embeddable":true,"href":"https:\/\/www.solskiekovrt.si\/en\/wp-json\/wp\/v2\/comments?post=8770"}],"version-history":[{"count":13,"href":"https:\/\/www.solskiekovrt.si\/en\/wp-json\/wp\/v2\/posts\/8770\/revisions"}],"predecessor-version":[{"id":8815,"href":"https:\/\/www.solskiekovrt.si\/en\/wp-json\/wp\/v2\/posts\/8770\/revisions\/8815"}],"wp:attachment":[{"href":"https:\/\/www.solskiekovrt.si\/en\/wp-json\/wp\/v2\/media?parent=8770"}],"wp:term":[{"taxonomy":"category","embeddable":true,"href":"https:\/\/www.solskiekovrt.si\/en\/wp-json\/wp\/v2\/categories?post=8770"},{"taxonomy":"post_tag","embeddable":true,"href":"https:\/\/www.solskiekovrt.si\/en\/wp-json\/wp\/v2\/tags?post=8770"}],"curies":[{"name":"wp","href":"https:\/\/api.w.org\/{rel}","templated":true}]}}