{"id":5788,"date":"2017-03-31T13:50:23","date_gmt":"2017-03-31T12:50:23","guid":{"rendered":"http:\/\/www.solskiekovrt.si\/?p=5788"},"modified":"2019-04-18T07:41:49","modified_gmt":"2019-04-18T06:41:49","slug":"e-bilten-mreze-sev-in-projekta-eathink-12017-15-2-17","status":"publish","type":"post","link":"https:\/\/www.solskiekovrt.si\/en\/e-bilten-mreze-sev-in-projekta-eathink-12017-15-2-17\/","title":{"rendered":"E-bilten 1\/2017"},"content":{"rendered":"<p>Pozdravljeni, mentorji ekovrtov in na\u0161i podporniki!<\/p>\n<p>Delo na \u0161olskih in vrt\u010devskih ekovrtovih je \u017ee\u00a0v polnem zamahu.\u00a0Od zadnjega biltena je minilo nekoliko dlje \u2013 pa ne zato, ker bi ekipa po\u010divala, ravno obratno, smo v polnem pogonu.<\/p>\n<p>Tokratni e-bilten smo namenili tudi projektu Eathink2015, ki se v leto\u0161njem letu zaklju\u010duje.<\/p>\n<p>Vabljeni tudi k soustvarjanju novi\u010dk.<\/p>\n<p>Vsebine tokratnega e-biltena:<\/p>\n<ul>\n<li><em>Sodelujte na VIDEO NATE\u010cAJU projekta Eathink: Jej lokalno, misli globalno!\u00a0<\/em><\/li>\n<li><em>Vabljeni k vklju\u010ditvi\u00a0v dejavnosti projekta Eathink2015 v letu 2017:\u00a0\u0160olski ekovrtovi ter\u00a0Dogodki in pobude \u0161ol na lokalni ravni.<\/em><\/li>\n<li><em>Za nami \u017ee 15.\u00a0Ekopraznik &#8211; pred nami pa novi!<\/em><\/li>\n<li><span style=\"font-family: 'comic sans ms', 'marker felt-thin', arial, sans-serif;\"><em>Brezpla\u010dni izobra\u017eevalni IGRI<\/em><\/span><\/li>\n<li><em>Zavarujmo tla &#8211; podpi\u0161imo evropsko dr\u017eavljansko pobudo za tla!<\/em><\/li>\n<li><em>Za nami je zelo pesto leto in jesen. Kaj vse se je dogajalo?<\/em><\/li>\n<\/ul>\n<p>Prijetno branje!<\/p>\n<p>E-bilten smo vam poslali februarja \u017ee po elektronski po\u0161ti, sedaj (malo z zamudo ;)) pa ga objavljamo \u0161e <a href=\"http:\/\/us7.campaign-archive2.com\/?u=1e8383de520b6f6927d2aa7c0&amp;id=84be5b80f9&amp;e=c3c1addfd6\" target=\"_blank\">tukaj<\/a>.<\/p>","protected":false},"excerpt":{"rendered":"<p>Pozdravljeni, mentorji ekovrtov in na\u0161i podporniki! Delo na \u0161olskih in vrt\u010devskih ekovrtovih je \u017ee\u00a0v polnem zamahu.\u00a0Od zadnjega biltena je minilo nekoliko dlje \u2013 pa ne zato, ker bi ekipa po\u010divala, ravno obratno, smo v polnem pogonu. Tokratni e-bilten smo namenili tudi projektu Eathink2015, ki se v leto\u0161njem letu zaklju\u010duje. Vabljeni tudi k soustvarjanju novi\u010dk. Vsebine tokratnega e-biltena: Sodelujte na VIDEO NATE\u010cAJU projekta Eathink: Jej <a href=\"https:\/\/www.solskiekovrt.si\/en\/e-bilten-mreze-sev-in-projekta-eathink-12017-15-2-17\/#more-'\" class=\"more-link\">ve\u010d \u00bb<\/a><\/p>","protected":false},"author":258,"featured_media":0,"comment_status":"closed","ping_status":"closed","sticky":false,"template":"","format":"standard","meta":{"footnotes":""},"categories":[45],"tags":[],"class_list":["post-5788","post","type-post","status-publish","format-standard","hentry","category-e-bilten"],"jetpack_featured_media_url":"","_links":{"self":[{"href":"https:\/\/www.solskiekovrt.si\/en\/wp-json\/wp\/v2\/posts\/5788","targetHints":{"allow":["GET"]}}],"collection":[{"href":"https:\/\/www.solskiekovrt.si\/en\/wp-json\/wp\/v2\/posts"}],"about":[{"href":"https:\/\/www.solskiekovrt.si\/en\/wp-json\/wp\/v2\/types\/post"}],"author":[{"embeddable":true,"href":"https:\/\/www.solskiekovrt.si\/en\/wp-json\/wp\/v2\/users\/258"}],"replies":[{"embeddable":true,"href":"https:\/\/www.solskiekovrt.si\/en\/wp-json\/wp\/v2\/comments?post=5788"}],"version-history":[{"count":4,"href":"https:\/\/www.solskiekovrt.si\/en\/wp-json\/wp\/v2\/posts\/5788\/revisions"}],"predecessor-version":[{"id":6923,"href":"https:\/\/www.solskiekovrt.si\/en\/wp-json\/wp\/v2\/posts\/5788\/revisions\/6923"}],"wp:attachment":[{"href":"https:\/\/www.solskiekovrt.si\/en\/wp-json\/wp\/v2\/media?parent=5788"}],"wp:term":[{"taxonomy":"category","embeddable":true,"href":"https:\/\/www.solskiekovrt.si\/en\/wp-json\/wp\/v2\/categories?post=5788"},{"taxonomy":"post_tag","embeddable":true,"href":"https:\/\/www.solskiekovrt.si\/en\/wp-json\/wp\/v2\/tags?post=5788"}],"curies":[{"name":"wp","href":"https:\/\/api.w.org\/{rel}","templated":true}]}}