{"id":5022,"date":"2015-09-14T12:45:05","date_gmt":"2015-09-14T11:45:05","guid":{"rendered":"http:\/\/www.solskiekovrt.si\/?p=5022"},"modified":"2019-04-18T07:42:54","modified_gmt":"2019-04-18T06:42:54","slug":"e-bilten-mreze-solskih-ekovrtov-st-3-14-9-2015","status":"publish","type":"post","link":"https:\/\/www.solskiekovrt.si\/en\/e-bilten-mreze-solskih-ekovrtov-st-3-14-9-2015\/","title":{"rendered":"E-bilten 2\/2015"},"content":{"rendered":"<p>E-bilten si v celoti lahko preberete <a href=\"http:\/\/us7.campaign-archive2.com\/?u=1e8383de520b6f6927d2aa7c0&amp;id=42def4b313\" target=\"_blank\">tukaj<\/a>.<\/p>\n<p>Pozdravljeni, mentorji ekovrtov in na\u0161i podporniki!<\/p>\n<p>Novo \u0161olsko leto je spet tu! Upam, da ste se spo\u010dili, umirili in\u00a0napolnili baterije.<\/p>\n<p>Ponovno vas vabimo, da se nam pridru\u017eite pri vzgoji za trajnostni razvoj in pribli\u017eevanju narave, ekolo\u0161kega vrtnarjenja in zdrave hrane na\u0161im otrokom&#8230;<\/p>\n<p>Na In\u0161titutu za trajnostni razvoj smo pripravili leto\u0161nji okvirni program dela. Tako boste dejavnosti programa \u0160EV la\u017eje vklju\u010dili v redne \u0161olske obveznosti in \u017ee na za\u010detku leta\u00a0izvedeli,\u00a0kak\u0161ne so na\u010drtovane dejavnosti leto\u0161njega \u0161olskega leta.<\/p>\n<p>Pripravili smo tudi nove prijavnice za novo \u0161olsko leto. E-ra\u010duni so nas pripravili do tega, da prijavnica vsebuje nekoliko ve\u010d podatkov, saj jih potrebujemo za izdajo e-ra\u010dunov.<br \/>\nPo\u0161iljamo vam \u0161e druge aktualne novi\u010dke (nekaj se jih ve\u017ee \u0161e na konec prej\u0161njega \u0161olskega leta).<\/p>\n<p>\u017delimo uspe\u0161no in &#8220;plodno&#8221; \u0161olsko leto!<br \/>\nEkipa programa \u0160olski ekovrtovi<\/p>\n<p>Celoten e-bilten si oglejte <a href=\"http:\/\/us7.campaign-archive2.com\/?u=1e8383de520b6f6927d2aa7c0&amp;id=42def4b313\" target=\"_blank\">tukaj<\/a>.<\/p>","protected":false},"excerpt":{"rendered":"<p align=\"left\" >Pozdravljeni, mentorji ekovrtov in na\u0161i podporniki!<br \/>\nNovo \u0161olsko leto je spet tu! Upam, da ste se spo\u010dili, umirili in napolnili baterije.Ponovno vas vabimo, da se nam pridru\u017eite pri vzgoji za trajnostni razvoj in pribli\u017eevanju narave, ekolo\u0161kega vrtnarjenja in zdrave hrane na\u0161im otrokom&#8230;<\/p>\n<p><a class=\"cta\" href=\"https:\/\/www.solskiekovrt.si\/en\/e-bilten-mreze-solskih-ekovrtov-st-3-14-9-2015\/\">Learn more \u00bb<\/a><\/p>","protected":false},"author":258,"featured_media":0,"comment_status":"closed","ping_status":"closed","sticky":false,"template":"","format":"standard","meta":{"footnotes":""},"categories":[27,45,48,44],"tags":[],"class_list":["post-5022","post","type-post","status-publish","format-standard","hentry","category-blog","category-e-bilten","category-mentorji","category-novice"],"jetpack_featured_media_url":"","_links":{"self":[{"href":"https:\/\/www.solskiekovrt.si\/en\/wp-json\/wp\/v2\/posts\/5022","targetHints":{"allow":["GET"]}}],"collection":[{"href":"https:\/\/www.solskiekovrt.si\/en\/wp-json\/wp\/v2\/posts"}],"about":[{"href":"https:\/\/www.solskiekovrt.si\/en\/wp-json\/wp\/v2\/types\/post"}],"author":[{"embeddable":true,"href":"https:\/\/www.solskiekovrt.si\/en\/wp-json\/wp\/v2\/users\/258"}],"replies":[{"embeddable":true,"href":"https:\/\/www.solskiekovrt.si\/en\/wp-json\/wp\/v2\/comments?post=5022"}],"version-history":[{"count":4,"href":"https:\/\/www.solskiekovrt.si\/en\/wp-json\/wp\/v2\/posts\/5022\/revisions"}],"predecessor-version":[{"id":6927,"href":"https:\/\/www.solskiekovrt.si\/en\/wp-json\/wp\/v2\/posts\/5022\/revisions\/6927"}],"wp:attachment":[{"href":"https:\/\/www.solskiekovrt.si\/en\/wp-json\/wp\/v2\/media?parent=5022"}],"wp:term":[{"taxonomy":"category","embeddable":true,"href":"https:\/\/www.solskiekovrt.si\/en\/wp-json\/wp\/v2\/categories?post=5022"},{"taxonomy":"post_tag","embeddable":true,"href":"https:\/\/www.solskiekovrt.si\/en\/wp-json\/wp\/v2\/tags?post=5022"}],"curies":[{"name":"wp","href":"https:\/\/api.w.org\/{rel}","templated":true}]}}