{"id":4606,"date":"2015-02-04T15:03:07","date_gmt":"2015-02-04T14:03:07","guid":{"rendered":"http:\/\/www.solskiekovrt.si\/?p=4606"},"modified":"2019-04-18T07:43:09","modified_gmt":"2019-04-18T06:43:09","slug":"e-bilten-mreze-solskih-ekovrtov-st-1-4-2-2015","status":"publish","type":"post","link":"https:\/\/www.solskiekovrt.si\/en\/e-bilten-mreze-solskih-ekovrtov-st-1-4-2-2015\/","title":{"rendered":"E-bilten 1\/2015"},"content":{"rendered":"<p><strong>Pozdravljeni, mentorji ekovrtov in na\u0161i podporniki!<\/strong><br \/>\nZima je tu! Juhuhu! V tem zimskem radostnem vzdu\u0161ju je prav lepo videti razposajene otroke in starej\u0161e. Vsak letni \u010das ponuja nekaj svojega, tudi na vrtu, ki sedaj po\u010diva in se pripravlja na prve spomladanske vrtne aktivnosti.<br \/>\nMrzli zimski dnevi nam dajejo ve\u010d mo\u017enosti za po\u010ditek in pripravo na aktivnej\u0161e mesece. \u010ce ste z mislimi \u017ee pri vrtu in na\u010drtovanju dejavnosti za leto\u0161njo sezono, <strong>lahko pokukate tudi v <a href=\"http:\/\/www.solskiekovrt.si\/en\/?page_id=431\" target=\"_blank\">gradiva za mentorje<\/a><\/strong>, ki so odlo\u017eena na spletnem portalu programa. Oprete pa se lahko tudi na nekaj tujih spletni strani: npr. <a href=\"http:\/\/growing-minds.org\/lesson-plans\/garden-planning\/\" target=\"_blank\">&#8220;Garden Planning&#8221;<\/a> in <a href=\"http:\/\/growing-minds.org\/garden-lesson-plans\/\" target=\"_blank\">&#8220;Garden Lessons Plan&#8221;<\/a>.<br \/>\nUh, veselo na delo:-). Ne pozabite na<strong> vklju\u010devanje otrok in mladih<\/strong> pri na\u010drtovanju ekovrta (zasnovi, velikosti gredic in njihovih predlogih, katero zelenjavo, sadje in zeli\u0161\u010da bi radi gojili).<br \/>\nIn \u0161e kako smo mi?:-) ITR je v januarju zopet zavihal rokave. Dokon\u010dno smo pre\u010distili \u010dlanstvo v Mre\u017ei, pripravili banko za izstavljanje e-ra\u010dunov, pregledali letno poro\u010dilo za lansko \u0161olsko leto 2013\/2014 in se dokon\u010dno lotili prenove obrazca za pridobitev znaka.<br \/>\n<strong>Vabljeni k prebiranju prvega leto\u0161njega e-biltena in k soustvarjanju novi\u010dk<\/strong>. Obve\u0161\u010dajte nas o novostih:-)!<\/p>\n<p><strong>Vsebine e-biltena<\/strong>:<\/p>\n<ul>\n<li><em><strong>Znak \u0160OLSKI EKOVRT &#8211; kako ga pridobiti ali obnoviti?<\/strong><\/em><\/li>\n<li><span style=\"color: #000000;\"><strong><em>Vabljeni na strokovno konferenco in mednarodno delavnico na podro\u010dju ekolo\u0161kega kmetijstva!<\/em><\/strong><\/span><\/li>\n<li><span style=\"color: #000000;\"><strong><em>Ste se \u017ee predstavili na spletnem portalu programa \u0160olski ekovrt?<\/em><\/strong><\/span><\/li>\n<li><span style=\"color: #000000;\"><strong><em>Fotonate\u010daji, fotonate\u010daji &#8220;Moje pode\u017eelje&#8221;<\/em><\/strong><\/span><\/li>\n<li><span style=\"color: #000000;\"><strong><em>Vrtnarite z Vrtnar\u010dkom 2015!<\/em><\/strong><\/span><\/li>\n<\/ul>\n<p><strong>Dobro bodite!<\/strong><br \/>\nEkipa programa \u0160olski ekovrtovi<\/p>\n<p><strong>Celotna vsebina e-biltena je na voljo<\/strong> <a href=\"http:\/\/us7.campaign-archive2.com\/?u=1e8383de520b6f6927d2aa7c0&amp;id=07360b1460\" target=\"_blank\">tukaj<\/a>.<\/p>","protected":false},"excerpt":{"rendered":"<p><img decoding=\"async\" src=\"http:\/\/www.solskiekovrt.si\/wp-content\/uploads\/2014\/09\/DSCN1804.jpg\" align=\"right\" height=\"130\" width=\"180\" > <\/p>\n<p align=\"justify\" >\nPozdravljeni, mentorji ekovrtov in na\u0161i podporniki!<\/p>\n<p>Vabljeni k prebiranju prvega leto\u0161njega e-biltena in k soustvarjanju novi\u010dk. Obve\u0161\u010dajte nas o novostih:-)!<\/p>\n<p>Vsebine e-biltena:<br \/>\n&#8211; Znak \u0160OLSKI EKOVRT &#8211; kako ga pridobiti ali obnoviti?<br \/>\n&#8211; Vabljeni na strokovno konferenco in mednarodno delavnico na podro\u010dju ekolo\u0161kega kmetijstva!<br \/>\n&#8211; Ste se \u017ee predstavili na spletnem portalu programa \u0160olski ekovrt?<br \/>\n&#8211; Fotonate\u010daji, fotonate\u010daji &#8220;Moje pode\u017eelje&#8221;<br \/>\n&#8211; Vrtnarite z Vrtnar\u010dkom 2015!<\/p>\n<p><a class=\"cta\" href=\"https:\/\/www.solskiekovrt.si\/en\/e-bilten-mreze-solskih-ekovrtov-st-1-4-2-2015\/\">Learn more \u00bb<\/a><\/p>","protected":false},"author":258,"featured_media":0,"comment_status":"closed","ping_status":"closed","sticky":false,"template":"","format":"standard","meta":{"footnotes":""},"categories":[27,45,48,44],"tags":[],"class_list":["post-4606","post","type-post","status-publish","format-standard","hentry","category-blog","category-e-bilten","category-mentorji","category-novice"],"jetpack_featured_media_url":"","_links":{"self":[{"href":"https:\/\/www.solskiekovrt.si\/en\/wp-json\/wp\/v2\/posts\/4606","targetHints":{"allow":["GET"]}}],"collection":[{"href":"https:\/\/www.solskiekovrt.si\/en\/wp-json\/wp\/v2\/posts"}],"about":[{"href":"https:\/\/www.solskiekovrt.si\/en\/wp-json\/wp\/v2\/types\/post"}],"author":[{"embeddable":true,"href":"https:\/\/www.solskiekovrt.si\/en\/wp-json\/wp\/v2\/users\/258"}],"replies":[{"embeddable":true,"href":"https:\/\/www.solskiekovrt.si\/en\/wp-json\/wp\/v2\/comments?post=4606"}],"version-history":[{"count":11,"href":"https:\/\/www.solskiekovrt.si\/en\/wp-json\/wp\/v2\/posts\/4606\/revisions"}],"predecessor-version":[{"id":6928,"href":"https:\/\/www.solskiekovrt.si\/en\/wp-json\/wp\/v2\/posts\/4606\/revisions\/6928"}],"wp:attachment":[{"href":"https:\/\/www.solskiekovrt.si\/en\/wp-json\/wp\/v2\/media?parent=4606"}],"wp:term":[{"taxonomy":"category","embeddable":true,"href":"https:\/\/www.solskiekovrt.si\/en\/wp-json\/wp\/v2\/categories?post=4606"},{"taxonomy":"post_tag","embeddable":true,"href":"https:\/\/www.solskiekovrt.si\/en\/wp-json\/wp\/v2\/tags?post=4606"}],"curies":[{"name":"wp","href":"https:\/\/api.w.org\/{rel}","templated":true}]}}