{"id":2605,"date":"2014-07-09T07:09:55","date_gmt":"2014-07-09T06:09:55","guid":{"rendered":"http:\/\/www.solskiekovrt.si\/?p=2605"},"modified":"2016-12-16T13:48:05","modified_gmt":"2016-12-16T12:48:05","slug":"vabilo-na-terenski-delavnici-april-2013","status":"publish","type":"post","link":"https:\/\/www.solskiekovrt.si\/en\/vabilo-na-terenski-delavnici-april-2013\/","title":{"rendered":"Vabilo na terenski delavnici, april 2013"},"content":{"rendered":"<p>Vabilo na terenski delavnici<\/p>\n<p>In\u0161titut za trajnostni razvoj vas vabi na terenski delavnici, ki bosta potekali v osrednjeslovenski regiji, in sicer:<\/p>\n<ul>\n<li><a href=\"http:\/\/www.solskiekovrt.si\/en\/images\/stories\/PDF\/vabilo_os_icankarja_vrhnika_18.4.13.pdf\/\" target=\"_blank\">18. 4. 2013 na O\u0160 Ivana Cankarja na Vrhniki (14.00 &#8211; 18.00)<\/a>\u00a0 in<\/li>\n<li><a href=\"http:\/\/www.solskiekovrt.si\/en\/images\/stories\/PDF\/vabilo_vrt_amedveda_kamnik_23.4.13.pdf\/\" target=\"_blank\">23. 4. 2013 v enoti Pestrna v Vrtcu Antona Medveda Kamnik (13.00 &#8211; 17.00)<\/a><strong>. <\/strong><\/li>\n<\/ul>\n<p>Na obeh delavnicah bomo pobli\u017ee spoznali osnove permakulture in ponovili temeljna na\u010dela na\u010drtovanja za vrt\u010devske in \u0161olske otroke. Drugi del je prakti\u010dne narave: na O\u0160 se bomo po ogledu njihovega terena posvetili zasnovi ekovrta (risali bomo konkreten na\u010drt ekovrta). V Vrtcu Antona Medveda Kamnik pa bomo v drugem delu skupaj naredili dvignjeno gredo.<\/p>\n<p>\u010ce je va\u0161 \u0161olski\/vrt\u010devski ekovrt v za\u010detni fazi, torej v \u010dasu na\u010drtovanja, je delavnica na Vrhniki odli\u010dna prilo\u017enost, da pridobite znanje za samostojno na\u010drtovanje. Vsem tistim, ki vrt \u017ee imate, dvignjena greda pa je v va\u0161em na\u010drtu, vam priporo\u010damo delavnico v Kamniku. Terenski delavnici smo torej zasnovali glede na nivo va\u0161e dozdaj\u0161nje vklju\u010denosti v program in dela na vrtu.<\/p>\n<p>Terenske delavnice bo vodila certificirana permakulturna u\u010diteljica ga. Jo\u017eica Fabjan, ki ste jo spoznali na pomladnem seminarju in je na\u0161a stalna zunanja sodelavka.<\/p>\n<p>Vse podrobnosti in navodila si prosim preberite v pripetih vabilih in svojo udele\u017ebo \u010dim prej potrdite.<\/p>","protected":false},"excerpt":{"rendered":"<p>Vabilo na terenski delavnici In\u0161titut za trajnostni razvoj vas vabi na terenski delavnici, ki bosta potekali v osrednjeslovenski regiji, in sicer: 18. 4. 2013 na O\u0160 Ivana Cankarja na Vrhniki (14.00 &#8211; 18.00)\u00a0 in 23. 4. 2013 v enoti Pestrna v Vrtcu Antona Medveda Kamnik (13.00 &#8211; 17.00). Na obeh delavnicah bomo pobli\u017ee spoznali osnove permakulture in ponovili temeljna na\u010dela na\u010drtovanja za vrt\u010devske in <a href=\"https:\/\/www.solskiekovrt.si\/en\/vabilo-na-terenski-delavnici-april-2013\/#more-'\" class=\"more-link\">ve\u010d \u00bb<\/a><\/p>","protected":false},"author":258,"featured_media":0,"comment_status":"closed","ping_status":"closed","sticky":false,"template":"","format":"standard","meta":{"footnotes":""},"categories":[48,54],"tags":[],"class_list":["post-2605","post","type-post","status-publish","format-standard","hentry","category-mentorji","category-vabila"],"jetpack_featured_media_url":"","_links":{"self":[{"href":"https:\/\/www.solskiekovrt.si\/en\/wp-json\/wp\/v2\/posts\/2605","targetHints":{"allow":["GET"]}}],"collection":[{"href":"https:\/\/www.solskiekovrt.si\/en\/wp-json\/wp\/v2\/posts"}],"about":[{"href":"https:\/\/www.solskiekovrt.si\/en\/wp-json\/wp\/v2\/types\/post"}],"author":[{"embeddable":true,"href":"https:\/\/www.solskiekovrt.si\/en\/wp-json\/wp\/v2\/users\/258"}],"replies":[{"embeddable":true,"href":"https:\/\/www.solskiekovrt.si\/en\/wp-json\/wp\/v2\/comments?post=2605"}],"version-history":[{"count":1,"href":"https:\/\/www.solskiekovrt.si\/en\/wp-json\/wp\/v2\/posts\/2605\/revisions"}],"predecessor-version":[{"id":2606,"href":"https:\/\/www.solskiekovrt.si\/en\/wp-json\/wp\/v2\/posts\/2605\/revisions\/2606"}],"wp:attachment":[{"href":"https:\/\/www.solskiekovrt.si\/en\/wp-json\/wp\/v2\/media?parent=2605"}],"wp:term":[{"taxonomy":"category","embeddable":true,"href":"https:\/\/www.solskiekovrt.si\/en\/wp-json\/wp\/v2\/categories?post=2605"},{"taxonomy":"post_tag","embeddable":true,"href":"https:\/\/www.solskiekovrt.si\/en\/wp-json\/wp\/v2\/tags?post=2605"}],"curies":[{"name":"wp","href":"https:\/\/api.w.org\/{rel}","templated":true}]}}