{"id":1872,"date":"2014-06-06T15:10:32","date_gmt":"2014-06-06T14:10:32","guid":{"rendered":"http:\/\/www.solskiekovrt.si\/?p=1872"},"modified":"2019-04-18T07:49:12","modified_gmt":"2019-04-18T06:49:12","slug":"e-bilten-mreze-solskih-ekovrtov-st-42012-25-4-2012","status":"publish","type":"post","link":"https:\/\/www.solskiekovrt.si\/en\/e-bilten-mreze-solskih-ekovrtov-st-42012-25-4-2012\/","title":{"rendered":"E-bilten 4\/2012"},"content":{"rendered":"<h4>Seminar &#8220;U\u010dna raba \u0161olskega ekovrta&#8221; je bil lepo obiskan<\/h4>\n<p>V \u010detrtek, 12.4.2012, smo na MIZK\u0160 v Ljubljani organizirali 3. seminar z naslovom &#8220;U\u010dna raba \u0161olskega ekovrta&#8221;. Glavni namen seminarja je bil pregled in razvoj zamisli za vklju\u010devanje \u0161olskega ekovrta v pouk, pogovorili pa smo se tudi o spomladanskih opravilih na \u0161olskem ekovrtu.<\/p>\n<p>Udele\u017eence je tokrat prijazno pozdravil g. Boris Zupan\u010di\u010d iz Direktorata za pred\u0161olsko vzgojo in osnovno \u0161olstvo.<\/p>\n<p>Ga. Jo\u017eica Fabjan je najprej predstavila spomladanska opravila na \u0161olskem ekovrtu. Nekateri ste nam ob koncu povedali, da ste bili nad njeno predstavitivjo navdu\u0161eni, saj vam je spomladanska opravila resni\u010dno pribli\u017eala na prakti\u010den &#8211; uporaben na\u010din.<\/p>\n<p>Svoje zamisli za rabo \u0161olskega ekovrta v u\u010dne namene sta predstavili O\u0160 Br\u0161ljin in O\u0160 dr. Ale\u0161 Bebler &#8211; Primo\u017e Hrvatini P\u0160 Ankaran, na katerih smo predhodno izvedli delavnico. Poleg njiju sta se predstavili tudi O\u0160 \u0160marje pri Jel\u0161ah in VIZ III Roga\u0161ka Slatina in nas navdu\u0161ili s svojimi zamislimi.<\/p>\n<p>Ker nas je kar nekaj \u0161ol spra\u0161evalo ali in pod kak\u0161nimi pogoji lahko uporabljajo logotip &#8220;\u0160olski ekovrt&#8221;, smo se odlo\u010dili, da pripravimo nekaj pogojev za njegovo uporabo, saj \u017eelimo spodbujati nastajanje \u0161olskih ekolo\u0161kih vrtov in ne kakr\u0161nihkoli. Na seminarju smo vam predstavili na\u0161o zamisel za plaketo oz. oznako za \u0160olski ekovrt skupaj s \u010dastno izjavo \u0161ole. Dogovorili smo se, da bomo izjavo \u0161e malo preuredili in vam jo ponovno poslali v pregled.<\/p>\n<p>Med odmorom in na koncu seminarja smo imeli tudi prijetno in okusno pogostitev z ekolo\u0161kimi \u017eivili. <a href=\"http:\/\/www.solskiekovrt.si\/wp-content\/uploads\/2014\/06\/Recepti_namazi_Klemen_Kosir.pdf\">Tukaj<\/a> najdete knji\u017eico receptov okusnih namazov, ki jih je na pogostitvi pripravil kuhar Klemen Ko\u0161ir.<\/p>\n<p><strong>Predstavitve s seminarja:<\/strong><\/p>\n<p>Jo\u017eica Fabjan: <a href=\"http:\/\/www.solskiekovrt.si\/wp-content\/uploads\/2014\/06\/Dejavnosti-na-SEV_Jozica.pdf\">Dejavnosti na \u0161olskem ekovrtu od pomladi do jeseni<\/a><br \/>\nAnita Saksida, P\u0160 Ankaran: <a href=\"http:\/\/www.solskiekovrt.si\/wp-content\/uploads\/2014\/06\/PS-Ankaran.pdf\">Izsledki iz delavnice &#8220;U\u010dna raba \u0161olskega ekovrta&#8221;, 29.3.2012<br \/>\n<\/a>Majda Dobravc, O\u0160 Br\u0161ljin: <a href=\"http:\/\/www.solskiekovrt.si\/wp-content\/uploads\/2014\/06\/OS-Brsljin_sev.pdf\">Izsledki iz delavnice &#8220;U\u010dna raba \u0161olskega ekovrta&#8221;, 3.4.2012<\/a><br \/>\nBo\u017ea Gojtan in Marjana Jurjec, O\u0160 \u0160marje pri Jel\u0161ah: <a href=\"http:\/\/www.solskiekovrt.si\/wp-content\/uploads\/2014\/06\/OS-Smarje-pri-Jelsah.pdf\">U\u010dna raba \u0161olskega ekovrta na O\u0160 \u0160marje pri Jel\u0161ah<\/a><br \/>\nDavid Iva\u010di\u010d, VIZ III O\u0160 Roga\u0161ka Slatina: <a href=\"http:\/\/www.solskiekovrt.si\/wp-content\/uploads\/2014\/06\/VIZ-III-OS-Rogaska-Slatina.pdf\">U\u010dna raba \u0161olskega ekovrta na VIZ III O\u0160 Roga\u0161ka Slatina<\/a> (\u0160olski zeli\u0161\u010dni ekovrt &#8220;Materina Du\u0161ica&#8221;)<\/p>\n<h4>Petru Klunu podelili naziv svetovalec<\/h4>\n<p>To je res dobra novica za nas in vas. Peter Klun, mentor \u0161olskega ekovrta na O\u0160 Stari trg ob Kolpi je namre\u010d na pristojno ministrstvo za \u0161olstvo podal predlog za napredovanje v nazive in sicer v skladu z 20. \u010dlenom, kjer je ovrednoteno to\u010dkovanje.<\/p>\n<p>Za 2 to\u010dki (pod \u0161tevilko 7) pi\u0161e:<\/p>\n<p><em>-enoletno vodenje in koordiniranje izven\u0161olskega nacionalnega projekta na \u0161oli ali enoletno vodenje in koordiniranje razvojno aplikativnega projekta ali projekta uveljavljanja in izmenjave projektnih dose\u017ekov, ki je bil izbran na razpisu ministrstva, pristojnega za \u0161olstvo<\/em><\/p>\n<p>Gospod Klun je pri nas zaprosil za potrdilo. Vsi, ki bi \u017eeleli pridobiti to\u010dke nam sporo\u010dite, da vam pripravimo potrdilo. Prosimo pozanimajte pa se, do kdaj morate vlogo oddati.<\/p>\n<p>Za ve\u010d informacij se obrnite na gospoda Petra Kluna.<\/p>\n<h4>Snemanje oddaje &#8220;Dobro jutro&#8221; na \u0161olskem ekovrtu Gimnazije \u0160i\u0161ka<\/h4>\n<p>V prej\u0161nji \u0161tevilki e-Biltena mre\u017ee smo vas seznanili, da se z nekaterimi slovenskimi mediji dogovarjamo za mo\u017enost predstavitve projekta ter da je najbolj aktualno sodelovanje z RTVSLO.<\/p>\n<p>Obve\u0161\u010damo vas, da smo se z RTVSLO dogovorili za snemanje prispevka v oddaji &#8220;Dobro jutro&#8221; na \u0161olskem ekovrtu Gimnazije \u0160i\u0161ka v \u010detrtek, 26.4.2012. Prispevek bo del novega evropskega projekta \u00bbVillage Folk \u2013 Zakaj kmetijstvo?\u00ab, ki nastaja v koprodukciji TV Slovenija.<\/p>\n<p>Snemanja se bo udele\u017eilo 6 ekip \/ \u0161ol na\u0161e Mre\u017ee \u0161olskih ekovrtov in sicer:<\/p>\n<ul>\n<li>O\u0160 Stari trg ob Kolpi<\/li>\n<li>O\u0160 Br\u0161ljin Novo mesto<\/li>\n<li>O\u0160 prof. dr. Josipa Plemlja Bled, P\u0160 Ribno<\/li>\n<li>O\u0160 Jo\u017eeta Krajca Rakek, P\u0160 Rudolfa Maistra Unec<\/li>\n<li>VIZ III. O\u0160 Roga\u0161ka Slatina<\/li>\n<li>O\u0160 \u0160marje pri Jel\u0161ah<\/li>\n<\/ul>\n<p>Skupaj z njmi bomo pripravili ekovrt in posadili semena in sadike. \u0160ole bodo s seboj prinesle tudi svoje avtohtone sorte semen. Tiste, ki bodo ustrezale \u010dasu setve, bomo tudi posejali \/posadili, druge pa samo predstavili.<\/p>\n<p>Snemanje bo trajalo predvidoma 2 uri, 10 minutni prispevek s snemanja pa bodo predvajali v juniju v oddajii &#8220;Dobro jutro&#8221;.<\/p>\n<h4>Sodelovanje tudi z drugimi mediji<\/h4>\n<p>V soboto, 21.4., so na Radiu Slovenija 1. program, v radijski oddaji za mlade Hudo! gostili u\u010dence 2 \u0161ol na\u0161e Mre\u017ee \u0161olskih ekovrtov in sicer z O\u0160 Trzin in O\u0160 Martina Krpana. Po telefonu pa so sodelovali tudi u\u010denci iz O\u0160 Stari trg ob Kolpi, na kratko pa se je v oddajo v \u017eivo vklju\u010dila tudi na\u0161a sodelavka Anamarija Slabe.<\/p>\n<p>Posnetek oddaje lahko poslu\u0161ate tukaj: <a href=\"http:\/\/tvslo.si\/#ava2.134525315\" target=\"_blank\">http:\/\/tvslo.si\/#ava2.134525315<\/a><\/p>\n<p>Dogovarjamo se tudi za mo\u017enost predstavitve projekta v tiskanih medijih. Dogovori so \u0161e v teku.<\/p>\n<p>Vi pa ste seveda \u0161e naprej vabljeni k obve\u0161\u010danju o va\u0161ih javnih predstavitvah v lokalnem okolju ali v medijih. Z veseljem jih bomo objavili na portalu v &#8220;Napovedniku dogodkov&#8221;, da bodo o njih seznanjeni tudi ostali \u010dlani mre\u017ee.<\/p>\n<p>\u010ce pri organiziranju javnih predstavitev potrebujete kakr\u0161nokoli pomo\u010d z na\u0161e strani, nam to, prosimo, sporo\u010dite. Po svojih mo\u010deh bomo z veseljem pomagali.<\/p>\n<h4>I\u0161\u010demo sponzorje za nadaljevanje projekta<\/h4>\n<p>Kot smo vas \u017ee seznanili se z junijem zaklju\u010di sofinanciranje na\u0161ega projekta s strani \u0161vicarskega partnerja. Ker nameravamo &#8220;Mre\u017eo \u0161olskih ekovrtov&#8221; voditi \u0161e naprej, razvijati nove vsebine in vklju\u010diti \u0161e ve\u010d \u0161ol (in vrtcev), prizadevno i\u0161\u010demo mo\u017enosti za nadaljnje delo tudi po zaklju\u010dku \u0161vicarskega financiranja v juniju letos.<\/p>\n<p>Prosimo vas, da nam sporo\u010dite ali ste tudi sami kaj dejavni na tem podro\u010dju in ali vam je uspelo pridobiti kak\u0161nega sponzorja za va\u0161 \u0161olski ekovrt.<\/p>\n<p>Nekateri ste nam na seminarju povedali, kdo so va\u0161i sponzorji. \u017dal si vsega nismo uspeli zapisati, zato vas prosimo VSE, ki \u017ee sodelujete s kak\u0161nim od sponzorjev, da nas o tem obvestite, oz. nam po\u0161ljete seznam le-teh.<\/p>\n<h4>\u0160tafeta semen \u0161e vedno vabi k sodelovanju<\/h4>\n<p>Civilna iniciativa Ekoci vabi k sodelovanju v \u0160tafeti semen, katere glavni namen je ohranjanje slovenskih sort in semen. Vsi, ki se boste pridru\u017eili \u0160tafeti semen, boste med seboj podeljevali znanje in izku\u0161nje, izmenjevali semena, skupaj sadili in se veselili.<\/p>\n<p>Prijavite se lahko kot \u0161ola ali vrtec, organizacija ali dru\u0161tvo ali kot posameznik na elektronski naslov: <a href=\"mailto:stafeta.semen@oskrbimo.si\">stafeta.semen@oskrbimo.si<\/a><\/p>\n<p>Ker pobudo podpiramo, vas o njej tudi obve\u0161\u010damo. \u010ce se boste odzvali, pa vas prosimo, obvestite &#8211; o tem lahko poro\u010damo tudi na spletnem portalu!<\/p>\n<p>Ve\u010d na<a href=\"http:\/\/www.solskiekovrt.si\/en\/www.oskrbimo.si\/\" target=\"_blank\"> www.oskrbimo.si<\/a>; <a href=\"http:\/\/www.solskiekovrt.si\/en\/www.ekoci.si\/\" target=\"_blank\">www.ekoci.si<\/a>; <a href=\"http:\/\/www.facebook.com\/pages\/Ekoci-Ekolo%C5%A1ka-civilna-iniciativa\/280321302001496\" target=\"_blank\">http:\/\/www.facebook.com\/pages\/Ekoci-Ekolo\u0161ka-civilna-iniciativa\/280321302001496<\/a><\/p>\n<h4>Kratka poro\u010dila \u010dlanov mre\u017ee \u0161e vedno aktualna<\/h4>\n<p>Va\u0161a poro\u010dila o dejavnostih v okviru mre\u017ee \u0161olskih ekovrtov so \u0161e vedno zelo dobrodo\u0161la.<\/p>\n<p>Lahko nam jih po\u0161ljete v spodaj navedeni obliki ali pa le povezavo na spletno stran.<\/p>\n<p>Vse va\u0161e dejavnosti si lahko ogledate na portalu (<span style=\"color: #ff0000;\">tukaj<\/span>).<\/p>\n<p>Oblika za po\u0161iljanje sporo\u010dil je \u0161e vedno enaka &#8211; glej spodaj&#8230;<\/p>\n<p>Oblika:<\/p>\n<ul>\n<li>Format A4<\/li>\n<li>Slog in velikost pisave: Arial 10<\/li>\n<li>Najve\u010d 3 fotografije<\/li>\n<li>Ime kontaktne osebe oz. mentorja<\/li>\n<li>Naziv VIZ, kraj<\/li>\n<\/ul>\n<h4>Vabilo za sponzorje v lokalnem okolju \u0161e vedno na voljo pri nas&#8230;.<\/h4>\n<p>Vabilo za va\u0161e sponzorje &#8211; lokalne skupnosti, podjetja in organizacije na lokalni ravni, ki vas lahko podprejo ali finan\u010dno ali pa na kak drug na\u010din, je \u0161e vedno na voljo pri nas, \u010de ga potrebujete. Lahko nas pokli\u010dete ali pa po\u0161ljete e-sporo\u010dilo, da vam ga po\u0161ljemo.<\/p>\n<p>Vabilo lahko uporabite tudi kot osnutek in dodate va\u0161e konkretne \u017eelje.<\/p>\n<p>Lepa hvala tudi vsem, ki ste nas za vabilo \u017ee zaprosili. Upamo, da ste ga uspe\u0161no uporabili.<\/p>\n<h4>Ste \u017ee stopili v kontakt z ekolo\u0161ko kmetijo?<\/h4>\n<p>Sporo\u010dite nam, \u010de ste se \u017ee obrnili na katero od ekolo\u0161kih kmetij s seznama ekolo\u0161kih kmetij, ki smo vam ga poslali, ali pa na katerokoli drugo ekolo\u0161ko kmetijo v va\u0161i okolici.<\/p>\n<h4>Ponudba za naro\u010dilo Organka \u0161e vedno aktualna<\/h4>\n<p>Komplet 2 ko\u0161ev Organko + 1 kg biogen za 45 EUR (vklju\u010den DDV), ter brezpla\u010dna dostava po po\u0161ti na naslov naro\u010dnika.<\/p>\n<p>Tu se nahaja <a href=\"http:\/\/www.solskiekovrt.si\/wp-content\/uploads\/2014\/06\/narocilo-Organka_SKAZA_maj.doc\">naro\u010dilnica<\/a> za naro\u010dilo prek projekta.<\/p>\n<h4>Vabimo nove \u010dlane<\/h4>\n<p>Nove \u0161ole in vrtci pa ste lepo vabljeni k vklju\u010ditvi kadarkoli \u2013 bolje prej kot pozneje, da boste zamudili \u010dim manj! V projekt oziroma v Mre\u017eo \u0161olskih ekovrtov se lahko vklju\u010dujejo vse \u0161ole, vrtci, dija\u0161ki domovi&#8230;, ki jih zanima tema \u0161olskega ekovrta: taki, ki \u017eelijo vrt vzpostaviti ali ga morda \u017ee imajo, ali taki, ki jim je zamisel v\u0161e\u010d, \u010deprav ta hip \u0161e ne vidijo pravih mo\u017enosti za uresni\u010ditev.<\/p>\n<p>Predstavitev projekta in PRIJAVA sta na voljo na na\u0161em portalu. <a href=\"http:\/\/www.solskiekovrt.si\/index.php\/za-mentorje\" target=\"_blank\"> Ve\u010d o tem.<\/a><\/p>\n<div class=\"clear\"><\/div><hr\/>\n<p><a href=\"http:\/\/www.solskiekovrt.si\/wp-content\/uploads\/2014\/06\/profil_logo-NAJvecji_izravnanNapis.jpg\"><img decoding=\"async\" src=\"http:\/\/www.solskiekovrt.si\/wp-content\/uploads\/2014\/06\/profil_logo-NAJvecji_izravnanNapis-300x189.jpg\" alt=\"profil_logo-NAJvecji_izravnanNapis\" width=\"167\" height=\"80\" \/><\/a> \u00a0 \u00a0 \u00a0 \u00a0 \u00a0 \u00a0 \u00a0 <a href=\"http:\/\/www.solskiekovrt.si\/wp-content\/uploads\/2014\/06\/swiss-contribution-350.gif\"><img decoding=\"async\" src=\"http:\/\/www.solskiekovrt.si\/wp-content\/uploads\/2014\/06\/swiss-contribution-350-300x80.gif\" alt=\"swiss-contribution-350\" width=\"300\" height=\"80\" \/><\/a><i><br \/>\nPodprto z donacijo \u0160vice v okviru \u0160vicarskega prispevka raz\u0161irjeni Evropski uniji.<\/i><small><br \/>\n<\/small><\/p>","protected":false},"excerpt":{"rendered":"<p><img decoding=\"async\" src=\"http:\/\/www.solskiekovrt.si\/wp-content\/uploads\/2014\/06\/bilten3.jpg \" align=\"right\" height=\"130\" width=\"200\"><\/p>\n<p align=\"left\" >Seminar \u201cU\u010dna raba \u0161olskega ekovrta\u201d je bil lepo obiskan<br \/>\nV \u010detrtek, 12.4.2012, smo na MIZK\u0160 v Ljubljani organizirali 3. seminar z naslovom \u201cU\u010dna raba \u0161olskega ekovrta\u201d. Glavni namen seminarja je bil pregled in razvoj zamisli za vklju\u010devanje \u0161olskega ekovrta v pouk, pogovorili pa smo se tudi o spomladanskih opravilih na \u0161olskem ekovrtu. V e-biltenu pa si lahko pogledate tudi predstavitve s seminarja, \u0161tafeta semen \u0161e vedno vabi k sodelovanju in prav tako \u0161e vedno i\u0161\u010demo sponzorje za nadaljevanje projekta.\n<\/p>\n<p><a class=\"cta\" href=\"https:\/\/www.solskiekovrt.si\/en\/e-bilten-mreze-solskih-ekovrtov-st-42012-25-4-2012\/\">Learn more \u00bb<\/a><\/p>","protected":false},"author":258,"featured_media":0,"comment_status":"closed","ping_status":"closed","sticky":false,"template":"","format":"standard","meta":{"footnotes":""},"categories":[45],"tags":[],"class_list":["post-1872","post","type-post","status-publish","format-standard","hentry","category-e-bilten"],"jetpack_featured_media_url":"","_links":{"self":[{"href":"https:\/\/www.solskiekovrt.si\/en\/wp-json\/wp\/v2\/posts\/1872","targetHints":{"allow":["GET"]}}],"collection":[{"href":"https:\/\/www.solskiekovrt.si\/en\/wp-json\/wp\/v2\/posts"}],"about":[{"href":"https:\/\/www.solskiekovrt.si\/en\/wp-json\/wp\/v2\/types\/post"}],"author":[{"embeddable":true,"href":"https:\/\/www.solskiekovrt.si\/en\/wp-json\/wp\/v2\/users\/258"}],"replies":[{"embeddable":true,"href":"https:\/\/www.solskiekovrt.si\/en\/wp-json\/wp\/v2\/comments?post=1872"}],"version-history":[{"count":8,"href":"https:\/\/www.solskiekovrt.si\/en\/wp-json\/wp\/v2\/posts\/1872\/revisions"}],"predecessor-version":[{"id":6948,"href":"https:\/\/www.solskiekovrt.si\/en\/wp-json\/wp\/v2\/posts\/1872\/revisions\/6948"}],"wp:attachment":[{"href":"https:\/\/www.solskiekovrt.si\/en\/wp-json\/wp\/v2\/media?parent=1872"}],"wp:term":[{"taxonomy":"category","embeddable":true,"href":"https:\/\/www.solskiekovrt.si\/en\/wp-json\/wp\/v2\/categories?post=1872"},{"taxonomy":"post_tag","embeddable":true,"href":"https:\/\/www.solskiekovrt.si\/en\/wp-json\/wp\/v2\/tags?post=1872"}],"curies":[{"name":"wp","href":"https:\/\/api.w.org\/{rel}","templated":true}]}}