{"id":1852,"date":"2014-06-06T12:53:02","date_gmt":"2014-06-06T11:53:02","guid":{"rendered":"http:\/\/www.solskiekovrt.si\/?p=1852"},"modified":"2019-04-18T07:50:32","modified_gmt":"2019-04-18T06:50:32","slug":"e-bilten-mreze-solskih-ekovrtov-st-72011-18-11-2011","status":"publish","type":"post","link":"https:\/\/www.solskiekovrt.si\/en\/e-bilten-mreze-solskih-ekovrtov-st-72011-18-11-2011\/","title":{"rendered":"E-bilten 7\/2011"},"content":{"rendered":"<h4>Publikacija \u00bbPridelano in prodano doma\u00ab<\/h4>\n<p>Kot ste nekateri verjetno \u017ee zasledili, smo na na\u0161em portalu objavili publikacijo &#8220;Pridelano in prodano doma&#8221;, ki jo je v letu 2009 izdal Poso\u0161ki razvojni center, v sodelovanju z Ob\u010dino Tolmin.<\/p>\n<p>V njej najdete koristne informacije za <a href=\"http:\/\/www.solskiekovrt.si\/en\/?page_id=411\" target=\"_blank\">ekolo\u0161ko<\/a> pridelavo kakovostne hrane &#8211; od priprave tal; gnojenja; kompostiranja; kolobarjenja; izbire, nakupa in hranjenja semen; izobra\u017eevanja o naravnih sredstvih za za\u0161\u010dito rastlin itd.\u00a0 <a href=\"http:\/\/www.solskiekovrt.si\/en\/?page_id=411\" target=\"_blank\">Ve\u010d o tem.<\/a><\/p>\n<h4>Pogoji uporabe logotipa mre\u017ee \u0161olskih ekovrtov<\/h4>\n<p>Veseli nas, da vam je bil logotip projekta oziroma cela dru\u017einica figuric na predstavitvi v septembru v\u0161e\u010d!<\/p>\n<p>Nekaj se vas je \u017ee zanimalo, ali lahko uporabite logotip projekta. Kot smo napovedali, bomo pripravili nekaj pogojev za uporabo, saj \u017eelimo s projektom spodbuditi oblikovanje \u0161olskih <strong>ekolo\u0161kih<\/strong> vrtov in ne kakr\u0161nihkoli. Na seminarju &#8220;Dan \u0161olskih ekovrtov&#8221; v septembru smo vas o tem tudi na kratko obvestili.<\/p>\n<p>Zdaj pripravljamo posebno listino oz. deklaracijo o uporabi logotipa \u0160olskih ekovrtov, s katero se bo vsaka \u0161ola oz. vrtec prostovoljno obvezala, da bo v svojem vrtu izpolnjevala (oziroma izpolnjuje) nekaj najbolj <strong>osnovnih zahtev<\/strong>, kot so:<br \/>\n\u2022 NEuporaba kemi\u010dno-sinteti\u010dnih sredstev za varstvo rastlin;<\/p>\n<p>\u2022 NEuporaba kemi\u010dnih mineralnih gnojil;<\/p>\n<p>\u2022 Uporaba ekolo\u0161kih ali netretiranih semen in sadik (\u010de ekolo\u0161kih ni na voljo);<\/p>\n<p>\u2022 Kompostiranje;<\/p>\n<p>\u2022 Lo\u010deno zbiranje odpadkov (s poudarkom na organskih odpadkih);<\/p>\n<p>\u2022 Upo\u0161tevanje kolobarja (za to bi \u0161ola \/ vrtec pripravila tudi enostaven na\u010drt);<\/p>\n<p>\u2022 Ustrezna preskrba rastlin s hranili (za to bi \u0161ola \/ vrtec pripravila tudi enostaven na\u010drt);<\/p>\n<p>\u2022 Gospodarjenje z vodo.<\/p>\n<p>To je zaenkrat osnutek. Veseli bomo va\u0161ih pripomb. Ko bomo imeli kon\u010dno verzijo, jo bomo objavili na portalu &#8220;\u0160olski ekovrt&#8221; in vas obvestili.<\/p>\n<h4>U\u010dna raba \u0161olskega ekovrta<\/h4>\n<p>\u0160olski ekovrt je sodoben u\u010dni in vzgojni pripomo\u010dek. Z njim lahko obogatimo u\u010denje pri prav vsakem predmetu, ne le pri spoznavanju narave in pri biologiji. Tudi kaka ura tujega jezika, matematike, fizike, kemije, glasbe&#8230; bo ob uporabi vrta bolj nazorna in zanimiva.<\/p>\n<p>Kot smo napovedali, bomo na portalu na posebni spletni strani &#8220;U\u010dna raba vrta&#8221;, skozi projekt skupaj z vami razvijali zamisli za vklju\u010devanje \u0161olskega vrta v u\u010dni na\u010drt oz. u\u010dnega na\u010drta v \u0161olski ekovrt.<\/p>\n<p>Trenutno pripravljamo vsebine, ki bi jih lahko vklju\u010dili v u\u010dno rabo \u0161olskega ekovrta. Objavili jih bomo na zgoraj omenjeni posebni spletni strani na portalu.<\/p>\n<p>Obenem pa <strong>vabimo tudi vse vas<\/strong>, da nam sporo\u010dite morebitne svoje zamisli, pa tudi, \u010de ste morda \u017ee sami pri\u010deli z vklju\u010devanjem vrta v \u0161olske vsebine, pa tudi vzgojo v vrtcu. \u010ce ste se \u017ee sami lotili oz. \u010de sami \u017ee uspe\u0161no vklju\u010dujete u\u010dne vsebine v delo z vrtom, nam prosimo sporo\u010dite, pri katerih predmetih ste se tega lotili ter kako uspe\u0161no je bilo. Vsakr\u0161na informacija bo zelo koristna tudi za ostale \u010dlane v mre\u017ei.<\/p>\n<p>Primere u\u010dne rabe vrta bomo predstavili na naslednjem sre\u010danju mre\u017ee, tako da \u017ee vnaprej vabljeni, da kaj pripravite in predstavite!<\/p>\n<h4>Vabilo za sponzorje v lokalnem okolju<\/h4>\n<p>Na seminarju &#8220;Dan \u0161olskih ekovrtov&#8221; v septembru, smo vam sporo\u010dili, da bomo pripravili posebno vabilo za va\u0161e sponzorje &#8211;\u00a0 lokalne skupnosti, podjetja in organizacije na lokalni ravni, ki vas lahko podprejo ali finan\u010dno ali pa na kak drug na\u010din.<\/p>\n<p>Obve\u0161\u010damo vas, da je vabilo pripravljeno in na voljo pri nas. <strong>\u010ce ga \u017eelite, nam prosimo to sporo\u010dite in vam ga bomo poslali<\/strong> po e-po\u0161ti. Lahko nas pokli\u010dete ali pa po\u0161ljete e-sporo\u010dilo. Nekaterim od vas smo ga \u017ee poslali.<\/p>\n<p>Dopis lahko uporabite tudi kot osnutek in dodate va\u0161e konkretne \u017eelje.<\/p>\n<p>Kratka poro\u010dila \u010dlanov mre\u017ee so \u0161e vedno aktualna<\/p>\n<p>Va\u0161a kratka poro\u010dila o dejavnostih v okviru mre\u017ee \u0161olskih ekovrtov so \u0161e vedno dobrodo\u0161la. \u010ce \u017eelite, nam jih lahko po\u0161ljete v spodaj navedeni obliki. Z veseljem jih bomo objavili.<\/p>\n<p>Oblika:<\/p>\n<ul>\n<li>Format A4<\/li>\n<li>Slog in velikost pisave: Arial 10<\/li>\n<li>Najve\u010d 3 fotografije<\/li>\n<li>Ime kontaktne osebe oz. mentorja<\/li>\n<li>Naziv VIZ, kraj<\/li>\n<\/ul>\n<p>V primeru, da ste svoje poro\u010dilo \u017ee objavlili na va\u0161i spletni strani, pa nam lahko po\u0161ljete samo povezavo do te strani in jo bomo objavili.<\/p>\n<h4>Posebna ponudba za naro\u010dilo Organka \u0161e vedno velja<\/h4>\n<p>Komplet Organko + 1 kg biogen za 45 EUR (vklju\u010den DDV), ter brezpla\u010dna dostava po po\u0161ti na naslov naro\u010dnika.<\/p>\n<p>Tu se nahaja <a href=\"http:\/\/www.solskiekovrt.si\/wp-content\/uploads\/2014\/06\/narocilo-Organka_SKAZA_maj.doc\">naro\u010dilnica<\/a> za naro\u010dilo prek projekta.<\/p>\n<h4>Vabimo nove \u010dlane<\/h4>\n<p>Nove \u0161ole in vrtci pa ste lepo vabljeni k vklju\u010ditvi kadarkoli \u2013 bolje prej kot pozneje, da boste zamudili \u010dim manj! V projekt oziroma v Mre\u017eo \u0161olskih ekovrtov se lahko vklju\u010dujejo vse \u0161ole, vrtci, dija\u0161ki domovi\u2026, ki jih zanima tema \u0161olskega ekovrta: taki, ki \u017eelijo vrt vzpostaviti ali ga morda \u017ee imajo, ali taki, ki jim je zamisel v\u0161e\u010d, \u010deprav ta hip \u0161e ne vidijo pravih mo\u017enosti za uresni\u010ditev.<\/p>\n<p>Predstavitev projekta in PRIJAVA sta na voljo na na\u0161em portalu. <a href=\"http:\/\/www.solskiekovrt.si\/index.php\/za-mentorje\" target=\"_blank\">Ve\u010d o tem.<\/a><\/p>\n<div class=\"clear\"><\/div><hr\/>\n<p><a href=\"http:\/\/www.solskiekovrt.si\/wp-content\/uploads\/2014\/06\/profil_logo-NAJvecji_izravnanNapis.jpg\"><img decoding=\"async\" src=\"http:\/\/www.solskiekovrt.si\/wp-content\/uploads\/2014\/06\/profil_logo-NAJvecji_izravnanNapis-300x189.jpg\" alt=\"profil_logo-NAJvecji_izravnanNapis\" width=\"167\" height=\"80\" \/><\/a> \u00a0 \u00a0 \u00a0 \u00a0 \u00a0 \u00a0 \u00a0 <a href=\"http:\/\/www.solskiekovrt.si\/wp-content\/uploads\/2014\/06\/swiss-contribution-350.gif\"><img decoding=\"async\" src=\"http:\/\/www.solskiekovrt.si\/wp-content\/uploads\/2014\/06\/swiss-contribution-350-300x80.gif\" alt=\"swiss-contribution-350\" width=\"300\" height=\"80\" \/><\/a><i><br \/>\nPodprto z donacijo \u0160vice v okviru \u0160vicarskega prispevka raz\u0161irjeni Evropski uniji.<\/i><small><br \/>\n<\/small><\/p>","protected":false},"excerpt":{"rendered":"<p><img decoding=\"async\" src=\"http:\/\/www.solskiekovrt.si\/wp-content\/uploads\/2013\/08\/OS_Cerkno_naslovna_fotka.jpg\" align=\"right\" height=\"115\" width=\"200\"> <\/p>\n<p align=\"left\" > Publikacija \u00bbPridelano in prodano doma\u00ab<br \/>\nKot ste nekateri verjetno \u017ee zasledili, smo na na\u0161em portalu objavili publikacijo \u201cPridelano in prodano doma\u201d, ki jo je v letu 2009 izdal Poso\u0161ki razvojni center, v sodelovanju z Ob\u010dino Tolmin.<\/p>\n<p>V njej najdete koristne informacije za ekolo\u0161ko pridelavo kakovostne hrane \u2013 od priprave tal; gnojenja; kompostiranja; kolobarjenja; izbire, nakupa in hranjenja semen; izobra\u017eevanja o naravnih sredstvih za za\u0161\u010dito rastlin itd.  Preberite tudi ve\u010d o pogojih uporabe logotipa mre\u017ea \u0161olskih ekovrtvo in o u\u010dni rabi \u0161olskega ekovrta. Prav tako vabimo nove \u010dlane in sponzorje, da se nam pridru\u017eijo.\n<\/p>\n<p><a class=\"cta\" href=\"https:\/\/www.solskiekovrt.si\/en\/e-bilten-mreze-solskih-ekovrtov-st-72011-18-11-2011\/\">Learn more \u00bb<\/a><\/p>","protected":false},"author":258,"featured_media":0,"comment_status":"closed","ping_status":"closed","sticky":false,"template":"","format":"standard","meta":{"footnotes":""},"categories":[45],"tags":[],"class_list":["post-1852","post","type-post","status-publish","format-standard","hentry","category-e-bilten"],"jetpack_featured_media_url":"","_links":{"self":[{"href":"https:\/\/www.solskiekovrt.si\/en\/wp-json\/wp\/v2\/posts\/1852","targetHints":{"allow":["GET"]}}],"collection":[{"href":"https:\/\/www.solskiekovrt.si\/en\/wp-json\/wp\/v2\/posts"}],"about":[{"href":"https:\/\/www.solskiekovrt.si\/en\/wp-json\/wp\/v2\/types\/post"}],"author":[{"embeddable":true,"href":"https:\/\/www.solskiekovrt.si\/en\/wp-json\/wp\/v2\/users\/258"}],"replies":[{"embeddable":true,"href":"https:\/\/www.solskiekovrt.si\/en\/wp-json\/wp\/v2\/comments?post=1852"}],"version-history":[{"count":7,"href":"https:\/\/www.solskiekovrt.si\/en\/wp-json\/wp\/v2\/posts\/1852\/revisions"}],"predecessor-version":[{"id":6953,"href":"https:\/\/www.solskiekovrt.si\/en\/wp-json\/wp\/v2\/posts\/1852\/revisions\/6953"}],"wp:attachment":[{"href":"https:\/\/www.solskiekovrt.si\/en\/wp-json\/wp\/v2\/media?parent=1852"}],"wp:term":[{"taxonomy":"category","embeddable":true,"href":"https:\/\/www.solskiekovrt.si\/en\/wp-json\/wp\/v2\/categories?post=1852"},{"taxonomy":"post_tag","embeddable":true,"href":"https:\/\/www.solskiekovrt.si\/en\/wp-json\/wp\/v2\/tags?post=1852"}],"curies":[{"name":"wp","href":"https:\/\/api.w.org\/{rel}","templated":true}]}}