{"id":8831,"date":"2025-11-03T08:13:46","date_gmt":"2025-11-03T07:13:46","guid":{"rendered":"https:\/\/www.solskiekovrt.si\/?p=8831"},"modified":"2025-11-03T08:17:05","modified_gmt":"2025-11-03T07:17:05","slug":"elementor-8831","status":"publish","type":"post","link":"http:\/\/www.solskiekovrt.si\/en\/elementor-8831\/","title":{"rendered":"Vabilo na jesenski seminar v \u0161ol. letu 2025\/2026"},"content":{"rendered":"<div data-elementor-type=\"wp-post\" data-elementor-id=\"8831\" class=\"elementor elementor-8831\">\n\t\t\t\t<div class=\"elementor-element elementor-element-bc94593 e-flex e-con-boxed e-con e-parent\" data-id=\"bc94593\" data-element_type=\"container\" data-e-type=\"container\">\n\t\t\t\t\t<div class=\"e-con-inner\">\n\t\t\t\t<div class=\"elementor-element elementor-element-086fde0 elementor-widget elementor-widget-text-editor\" data-id=\"086fde0\" data-element_type=\"widget\" data-e-type=\"widget\" data-widget_type=\"text-editor.default\">\n\t\t\t\t<div class=\"elementor-widget-container\">\n\t\t\t\t\t\t\t\t\t<p><strong>Dru\u0161tvo \u0160olskih ekovrtov<\/strong> vabi na jesenski seminar v ponedeljek, <strong>17. novembra 2025<\/strong> !<\/p><p>Tokrat bo potekal v sodelovanju z<strong> <span class=\"xv78j7m\" spellcheck=\"false\">Biotehni\u0161kim izobra\u017eevalnim centrom Ljubljana &#8211; BIC Ljubljana<\/span><\/strong>, dolgoletnim \u010dlanom mre\u017ee \u0160EV, in <strong>Botani\u010dnim vrtom Univerze v Ljubljani<\/strong>.<\/p><p><strong>\u267b\ufe0f\ud83c\udf31 Teme ekolo\u0161kega vrtnarjenja<\/strong> bo naslovila na\u010drtovalka sonaravnih vrtov in avtorica ve\u010d vrtnarskih priro\u010dnikov &#8211; <strong>Jerneja Jo\u0161ar, univ. dipl. in\u017e. agronomije<\/strong>. S svojim znanjem deluje kot predavateljica, voditeljica delavnic. V njeno delo pa vklju\u010duje tudi delo z najmlaj\u0161imi.<\/p><p>\ud83d\udcbb\ud83d\udc76\ud83c\udffb\u017de skoraj tradicionalno, bomo tudi tokrat na programu zapluli v <strong>novo, a silno aktualno podro\u010dje<\/strong>! Dru\u017eba je vedno bolj potopljena v svet digitalne tehnologije &#8211; kako najti ravnovesje med nujno rabo novih tehnologij in osnovnimi razvojnimi potrebami otrok? Ste kdaj pomislili kako vrtnarjenje in delo z zemljo vplivata na nas? Ali morda \u0160EV lahko kaj prispeva k bolj celostni vzgoji otrok in mladih? <br \/>Tudi teh vpra\u0161anj se bo dotaknil <strong>na\u0161 poseben gost bo izr. prof. Dr. Dan Podjed<\/strong> &#8211; preu\u010devalec razmerja med \u010dlovekom in tehnologijami in avtor odmevnih knjig s tega podro\u010dja.<\/p><p><strong>POMEMBNE INFORMACIJE \ud83d\udea8<\/strong><\/p><p>Seminar je za \u010dlane mre\u017ee \u0160EV brezpla\u010den. Za zagotovitev mesta je <strong>obvezna prijava prek <\/strong><a href=\"https:\/\/forms.gle\/nknCHiV1eo3hXMK28\"><strong>SPLETNE PRIJAVNICE<\/strong><\/a><strong>,<\/strong> do zapolnitve prostih mest. Skrajni rok za prijavo je<strong> petek, 7. november 2025.<\/strong><\/p><p><br \/>\u2022 Sprejmemo lahko <strong>po eno prijavo na VIZ<\/strong>, v primeru prostih mest pa po roku prijave tudi dodatne udele\u017eence. Na prijavnici lahko pri imenu v oklepaj zapi\u0161ete tudi <strong>morebitne dodatne udele\u017eence<\/strong>, da vas po zaklju\u010dku prijav obvestimo o mo\u017enostih. <br \/>\u2022 V primeru morebitne neudele\u017ebe se \u017ee prijavljeni prosimo \u010dim prej odjavite.<br \/>\u2022 \u010ce vas zanima skupni prevoz (ga potrebujete ali morda lahko ponudite), prosimo, da to napi\u0161ete v prijavnici, da vas lahko v primeru mo\u017enosti obvestimo oz. delimo va\u0161 kontakt!<br \/>\u2022 <strong>DOSTOP IN PARKIRANJE: <\/strong>\u00a0BIC <span style=\"text-decoration: underline;\">nima<\/span> parkiri\u0161\u010da za obiskovalce. J<strong>avni (pla\u010dljivi) parkirni prostori so na voljo v okoli\u0161kih ulicah (in so precej zasedeni)<\/strong>. Bolj gotova in cenej\u0161a mo\u017enost je <strong>P+R Barje<\/strong>, od koder je do BIC 30 min hoje, ali pa 4 min z mestnim avtobusom (linija 9, dve postaji) + 15 min hoje.<\/p><p>\ud83d\udccd<strong>POZOR!<\/strong> BIC je v Ljubljani na dveh lokacijah, na\u0161a je <a href=\"https:\/\/maps.app.goo.gl\/EZCd5yLWJ6GwYLDAA\">I\u017eanska cesta 10<\/a>!<\/p><p>Mi se \u017ee veselimo sre\u010danja z vami!<\/p>\t\t\t\t\t\t\t\t<\/div>\n\t\t\t\t<\/div>\n\t\t\t\t<div class=\"elementor-element elementor-element-6f8b047 elementor-widget elementor-widget-image\" data-id=\"6f8b047\" data-element_type=\"widget\" data-e-type=\"widget\" data-widget_type=\"image.default\">\n\t\t\t\t<div class=\"elementor-widget-container\">\n\t\t\t\t\t\t\t\t\t\t\t\t\t\t\t<img fetchpriority=\"high\" decoding=\"async\" width=\"645\" height=\"856\" src=\"https:\/\/www.solskiekovrt.si\/wp-content\/uploads\/2025\/11\/Posnetek-zaslona-2025-11-03-081138.png\" class=\"attachment-large size-large wp-image-8833\" alt=\"\" srcset=\"https:\/\/www.solskiekovrt.si\/wp-content\/uploads\/2025\/11\/Posnetek-zaslona-2025-11-03-081138.png 738w, https:\/\/www.solskiekovrt.si\/wp-content\/uploads\/2025\/11\/Posnetek-zaslona-2025-11-03-081138-226x300.png 226w, https:\/\/www.solskiekovrt.si\/wp-content\/uploads\/2025\/11\/Posnetek-zaslona-2025-11-03-081138-9x12.png 9w, https:\/\/www.solskiekovrt.si\/wp-content\/uploads\/2025\/11\/Posnetek-zaslona-2025-11-03-081138-628x833.png 628w\" sizes=\"(max-width: 645px) 100vw, 645px\" \/>\t\t\t\t\t\t\t\t\t\t\t\t\t\t\t<\/div>\n\t\t\t\t<\/div>\n\t\t\t\t\t<\/div>\n\t\t\t\t<\/div>\n\t\t<div class=\"elementor-element elementor-element-114a968 e-flex e-con-boxed e-con e-parent\" data-id=\"114a968\" data-element_type=\"container\" data-e-type=\"container\">\n\t\t\t\t\t<div class=\"e-con-inner\">\n\t\t\t\t<div class=\"elementor-element elementor-element-01ce2b0 elementor-widget elementor-widget-image\" data-id=\"01ce2b0\" data-element_type=\"widget\" data-e-type=\"widget\" data-widget_type=\"image.default\">\n\t\t\t\t<div class=\"elementor-widget-container\">\n\t\t\t\t\t\t\t\t\t\t\t\t\t\t\t<img decoding=\"async\" width=\"645\" height=\"93\" src=\"https:\/\/www.solskiekovrt.si\/wp-content\/uploads\/2025\/09\/Posnetek-zaslona-2025-09-15-135415-1024x147.png\" class=\"attachment-large size-large wp-image-8778\" alt=\"\" srcset=\"https:\/\/www.solskiekovrt.si\/wp-content\/uploads\/2025\/09\/Posnetek-zaslona-2025-09-15-135415-1024x147.png 1024w, https:\/\/www.solskiekovrt.si\/wp-content\/uploads\/2025\/09\/Posnetek-zaslona-2025-09-15-135415-300x43.png 300w, https:\/\/www.solskiekovrt.si\/wp-content\/uploads\/2025\/09\/Posnetek-zaslona-2025-09-15-135415-768x110.png 768w, https:\/\/www.solskiekovrt.si\/wp-content\/uploads\/2025\/09\/Posnetek-zaslona-2025-09-15-135415-18x3.png 18w, https:\/\/www.solskiekovrt.si\/wp-content\/uploads\/2025\/09\/Posnetek-zaslona-2025-09-15-135415-628x90.png 628w, https:\/\/www.solskiekovrt.si\/wp-content\/uploads\/2025\/09\/Posnetek-zaslona-2025-09-15-135415.png 1312w\" sizes=\"(max-width: 645px) 100vw, 645px\" \/>\t\t\t\t\t\t\t\t\t\t\t\t\t\t\t<\/div>\n\t\t\t\t<\/div>\n\t\t\t\t\t<\/div>\n\t\t\t\t<\/div>\n\t\t\t\t<\/div>","protected":false},"excerpt":{"rendered":"<p>Dru\u0161tvo \u0160olskih ekovrtov vabi na jesenski seminar v ponedeljek, 17. novembra 2025 ! Tokrat bo potekal v sodelovanju z Biotehni\u0161kim izobra\u017eevalnim centrom Ljubljana &#8211; BIC Ljubljana, dolgoletnim \u010dlanom mre\u017ee \u0160EV, in Botani\u010dnim vrtom Univerze v Ljubljani. Teme ekolo\u0161kega vrtnarjenja bo naslovila na\u010drtovalka sonaravnih vrtov in avtorica ve\u010d vrtnarskih priro\u010dnikov &#8211; Jerneja Jo\u0161ar, univ. dipl. in\u017e. agronomije. S svojim znanjem deluje kot predavateljica, voditeljica delavnic. <a href=\"http:\/\/www.solskiekovrt.si\/en\/elementor-8831\/#more-'\" class=\"more-link\">ve\u010d \u00bb<\/a><\/p>","protected":false},"author":258,"featured_media":0,"comment_status":"closed","ping_status":"closed","sticky":false,"template":"","format":"standard","meta":{"footnotes":""},"categories":[27,44,102],"tags":[123],"class_list":["post-8831","post","type-post","status-publish","format-standard","hentry","category-blog","category-novice","category-projekt","tag-seminar-schoolecogarden-dsev-dan-podjed-eudearprogramme-youth"],"jetpack_featured_media_url":"","_links":{"self":[{"href":"http:\/\/www.solskiekovrt.si\/en\/wp-json\/wp\/v2\/posts\/8831","targetHints":{"allow":["GET"]}}],"collection":[{"href":"http:\/\/www.solskiekovrt.si\/en\/wp-json\/wp\/v2\/posts"}],"about":[{"href":"http:\/\/www.solskiekovrt.si\/en\/wp-json\/wp\/v2\/types\/post"}],"author":[{"embeddable":true,"href":"http:\/\/www.solskiekovrt.si\/en\/wp-json\/wp\/v2\/users\/258"}],"replies":[{"embeddable":true,"href":"http:\/\/www.solskiekovrt.si\/en\/wp-json\/wp\/v2\/comments?post=8831"}],"version-history":[{"count":4,"href":"http:\/\/www.solskiekovrt.si\/en\/wp-json\/wp\/v2\/posts\/8831\/revisions"}],"predecessor-version":[{"id":8836,"href":"http:\/\/www.solskiekovrt.si\/en\/wp-json\/wp\/v2\/posts\/8831\/revisions\/8836"}],"wp:attachment":[{"href":"http:\/\/www.solskiekovrt.si\/en\/wp-json\/wp\/v2\/media?parent=8831"}],"wp:term":[{"taxonomy":"category","embeddable":true,"href":"http:\/\/www.solskiekovrt.si\/en\/wp-json\/wp\/v2\/categories?post=8831"},{"taxonomy":"post_tag","embeddable":true,"href":"http:\/\/www.solskiekovrt.si\/en\/wp-json\/wp\/v2\/tags?post=8831"}],"curies":[{"name":"wp","href":"https:\/\/api.w.org\/{rel}","templated":true}]}}