{"id":7989,"date":"2023-07-01T19:31:26","date_gmt":"2023-07-01T18:31:26","guid":{"rendered":"http:\/\/www.solskiekovrt.si\/?p=7989"},"modified":"2023-07-01T19:36:28","modified_gmt":"2023-07-01T18:36:28","slug":"vabilo-na-strokovno-ekskurzijo-za-mentorje-sev","status":"publish","type":"post","link":"http:\/\/www.solskiekovrt.si\/en\/vabilo-na-strokovno-ekskurzijo-za-mentorje-sev\/","title":{"rendered":"Vabilo na strokovno ekskurzijo za mentorje \u0160EV"},"content":{"rendered":"<p>Konec avgusta (<strong>25. ali 28. 8. 2023<\/strong>) vas za ogrevanje v vrti\u010dkanje v novem \u0161olskem letu vabimo na <strong>prvo strokovno ekskurzijo<\/strong> za mentorice in mentorje \u0161olskih ekovrtov.<\/p>\n\n\n\n<p>V razmi\u0161ljanju, kje bi lahko videli \u010dim ve\u010d zanimivega, uporabnega in navdihujo\u010dega, smo preverili ve\u010d lokacij in se odlo\u010dili za obisk na <strong><a href=\"https:\/\/permakultura.si\/article\/ekolosko-permakulturna-kmetija-pri-sustarju\" target=\"_blank\" rel=\"noreferrer noopener\">ekolo\u0161ki permakulturni kmetiji pri \u0160u\u0161tarju na Gorenjskem<\/a><\/strong>.<\/p>\n\n\n\n<p>Ve\u010d o ekskurziji si lahko preberete v <strong><a href=\"http:\/\/www.solskiekovrt.si\/wp-content\/uploads\/2023\/07\/Strokovna-ekskurzija-za-mentorje-SEV.pdf\" target=\"_blank\" rel=\"noreferrer noopener\">VABILU<\/a><\/strong>. Upamo, da se vas bo lahko udele\u017eilo \u010dim ve\u010d in obljubljamo, da vam bo v\u0161e\u010d.<\/p>\n\n\n\n<p>Obenem vas obve\u0161\u010damo, da je na <a href=\"http:\/\/www.solskiekovrt.si\/en\/pridruzi-se-2\/prijavnica\/\">na\u0161i spletni strani<\/a> \u017ee na voljo tudi prijavnica za novo \u0161olsko leto.<\/p>\n\n\n\n<p>Na ekskurzijo se prijavite prek <a rel=\"noreferrer noopener\" href=\"https:\/\/docs.google.com\/forms\/d\/e\/1FAIpQLSfmRUP-eK1tt2CVqrIJ52dNAk6l2o5x_B2SdPgvDGJJdGpSwA\/viewform\" target=\"_blank\"><strong>OBRAZCA<\/strong><\/a>, in sicer <strong>do 15. julija 2023<\/strong>.<\/p>\n\n\n\n<figure class=\"wp-block-image size-full\"><a href=\"http:\/\/www.solskiekovrt.si\/wp-content\/uploads\/2023\/07\/image.png\"><img fetchpriority=\"high\" decoding=\"async\" width=\"1024\" height=\"768\" src=\"http:\/\/www.solskiekovrt.si\/wp-content\/uploads\/2023\/07\/image.png\" alt=\"\" class=\"wp-image-7997\" srcset=\"https:\/\/www.solskiekovrt.si\/wp-content\/uploads\/2023\/07\/image.png 1024w, https:\/\/www.solskiekovrt.si\/wp-content\/uploads\/2023\/07\/image-300x225.png 300w, https:\/\/www.solskiekovrt.si\/wp-content\/uploads\/2023\/07\/image-768x576.png 768w, https:\/\/www.solskiekovrt.si\/wp-content\/uploads\/2023\/07\/image-16x12.png 16w, https:\/\/www.solskiekovrt.si\/wp-content\/uploads\/2023\/07\/image-130x98.png 130w, https:\/\/www.solskiekovrt.si\/wp-content\/uploads\/2023\/07\/image-185x140.png 185w, https:\/\/www.solskiekovrt.si\/wp-content\/uploads\/2023\/07\/image-628x471.png 628w\" sizes=\"(max-width: 1024px) 100vw, 1024px\" \/><\/a><\/figure>\n\n\n\n<p><\/p>","protected":false},"excerpt":{"rendered":"<p>Konec avgusta (25. ali 28. 8. 2023) vas za ogrevanje v vrti\u010dkanje v novem \u0161olskem letu vabimo na prvo strokovno ekskurzijo za mentorice in mentorje \u0161olskih ekovrtov. V razmi\u0161ljanju, kje bi lahko videli \u010dim ve\u010d zanimivega, uporabnega in navdihujo\u010dega, smo preverili ve\u010d lokacij in se odlo\u010dili za obisk na ekolo\u0161ki permakulturni kmetiji pri \u0160u\u0161tarju na Gorenjskem. Ve\u010d o ekskurziji si lahko preberete v VABILU. <a href=\"http:\/\/www.solskiekovrt.si\/en\/vabilo-na-strokovno-ekskurzijo-za-mentorje-sev\/#more-'\" class=\"more-link\">ve\u010d \u00bb<\/a><\/p>","protected":false},"author":258,"featured_media":0,"comment_status":"closed","ping_status":"closed","sticky":false,"template":"","format":"standard","meta":{"footnotes":""},"categories":[27,48,54],"tags":[],"class_list":["post-7989","post","type-post","status-publish","format-standard","hentry","category-blog","category-mentorji","category-vabila"],"jetpack_featured_media_url":"","_links":{"self":[{"href":"http:\/\/www.solskiekovrt.si\/en\/wp-json\/wp\/v2\/posts\/7989","targetHints":{"allow":["GET"]}}],"collection":[{"href":"http:\/\/www.solskiekovrt.si\/en\/wp-json\/wp\/v2\/posts"}],"about":[{"href":"http:\/\/www.solskiekovrt.si\/en\/wp-json\/wp\/v2\/types\/post"}],"author":[{"embeddable":true,"href":"http:\/\/www.solskiekovrt.si\/en\/wp-json\/wp\/v2\/users\/258"}],"replies":[{"embeddable":true,"href":"http:\/\/www.solskiekovrt.si\/en\/wp-json\/wp\/v2\/comments?post=7989"}],"version-history":[{"count":5,"href":"http:\/\/www.solskiekovrt.si\/en\/wp-json\/wp\/v2\/posts\/7989\/revisions"}],"predecessor-version":[{"id":7998,"href":"http:\/\/www.solskiekovrt.si\/en\/wp-json\/wp\/v2\/posts\/7989\/revisions\/7998"}],"wp:attachment":[{"href":"http:\/\/www.solskiekovrt.si\/en\/wp-json\/wp\/v2\/media?parent=7989"}],"wp:term":[{"taxonomy":"category","embeddable":true,"href":"http:\/\/www.solskiekovrt.si\/en\/wp-json\/wp\/v2\/categories?post=7989"},{"taxonomy":"post_tag","embeddable":true,"href":"http:\/\/www.solskiekovrt.si\/en\/wp-json\/wp\/v2\/tags?post=7989"}],"curies":[{"name":"wp","href":"https:\/\/api.w.org\/{rel}","templated":true}]}}