{"id":7085,"date":"2019-08-27T10:18:35","date_gmt":"2019-08-27T09:18:35","guid":{"rendered":"http:\/\/www.solskiekovrt.si\/?p=7085"},"modified":"2019-08-27T10:18:36","modified_gmt":"2019-08-27T09:18:36","slug":"vabilo-v-program-solski-ekovrtovi-2019-2020","status":"publish","type":"post","link":"http:\/\/www.solskiekovrt.si\/en\/vabilo-v-program-solski-ekovrtovi-2019-2020\/","title":{"rendered":"Vabilo v program \u0160olski ekovrtovi 2019\/2020"},"content":{"rendered":"<p>Spo\u0161tovane ravnateljice in ravnatelji, u\u010diteljice in u\u010ditelji, vzgojiteljice in vzgojitelji, vodje prehrane!<\/p>\n\n\n\n<p>Prihaja novo \u0161olsko leto in novi izzivi Mre\u017ee \u0161olskih ekovrtov. Upamo, da se va\u0161i vrti\u010dki bogato&nbsp;in plodno razvijajo. Prav tako upamo, da je va\u0161a namera po&nbsp;njihovemu razvoju vztrajna in neomajna.<\/p>\n\n\n\n<p>Tudi leto\u0161nje \u0161olsko leto \u017eelimo na In\u0161titutu za trajnostni razvoj organizirati dva seminarja za mentorje \u0160EV in s tem obogatiti \u017ee pridobljene izku\u0161nje z novimi na\u010dini in pristopi pri negovanju in u\u010dno-vzgojni rabi \u0161olskih ekovrtov.<\/p>\n\n\n\n<p>Vabimo vas, da se nam pridru\u017eite in v sodelovanju z nami&nbsp;otrokom omogo\u010dite nova znanja in izku\u0161nje, ki jih bodo lahko razvijali neodvisno tudi takrat, ko bodo zaklju\u010dili \u0161olanje v va\u0161ih ustanovah.<\/p>\n\n\n\n<p>V\u010dlanite se lahko z izpolnjeno prijavnico, ki se nahaja na: <em><strong><a href=\"http:\/\/www.solskiekovrt.si\/en\/pridruzi-se-2\/prijavnica\/\">http:\/\/www.solskiekovrt.si\/pridruzi-se-2\/prijavnica\/<\/a><\/strong><\/em><\/p>\n\n\n\n<p><br>Naj raste! Vabljeni v na\u0161o dru\u017ebo. <\/p>","protected":false},"excerpt":{"rendered":"<p>Spo\u0161tovane ravnateljice in ravnatelji, u\u010diteljice in u\u010ditelji, vzgojiteljice in vzgojitelji, vodje prehrane! Prihaja novo \u0161olsko leto in novi izzivi Mre\u017ee \u0161olskih ekovrtov. Upamo, da se va\u0161i vrti\u010dki bogato&nbsp;in plodno razvijajo. Prav tako upamo, da je va\u0161a namera po&nbsp;njihovemu razvoju vztrajna in neomajna. Tudi leto\u0161nje \u0161olsko leto \u017eelimo na In\u0161titutu za trajnostni razvoj organizirati dva seminarja za mentorje \u0160EV in s tem obogatiti \u017ee pridobljene <a href=\"http:\/\/www.solskiekovrt.si\/en\/vabilo-v-program-solski-ekovrtovi-2019-2020\/#more-'\" class=\"more-link\">ve\u010d \u00bb<\/a><\/p>","protected":false},"author":258,"featured_media":0,"comment_status":"closed","ping_status":"closed","sticky":false,"template":"","format":"standard","meta":{"footnotes":""},"categories":[27,44,54],"tags":[],"class_list":["post-7085","post","type-post","status-publish","format-standard","hentry","category-blog","category-novice","category-vabila"],"jetpack_featured_media_url":"","_links":{"self":[{"href":"http:\/\/www.solskiekovrt.si\/en\/wp-json\/wp\/v2\/posts\/7085","targetHints":{"allow":["GET"]}}],"collection":[{"href":"http:\/\/www.solskiekovrt.si\/en\/wp-json\/wp\/v2\/posts"}],"about":[{"href":"http:\/\/www.solskiekovrt.si\/en\/wp-json\/wp\/v2\/types\/post"}],"author":[{"embeddable":true,"href":"http:\/\/www.solskiekovrt.si\/en\/wp-json\/wp\/v2\/users\/258"}],"replies":[{"embeddable":true,"href":"http:\/\/www.solskiekovrt.si\/en\/wp-json\/wp\/v2\/comments?post=7085"}],"version-history":[{"count":1,"href":"http:\/\/www.solskiekovrt.si\/en\/wp-json\/wp\/v2\/posts\/7085\/revisions"}],"predecessor-version":[{"id":7086,"href":"http:\/\/www.solskiekovrt.si\/en\/wp-json\/wp\/v2\/posts\/7085\/revisions\/7086"}],"wp:attachment":[{"href":"http:\/\/www.solskiekovrt.si\/en\/wp-json\/wp\/v2\/media?parent=7085"}],"wp:term":[{"taxonomy":"category","embeddable":true,"href":"http:\/\/www.solskiekovrt.si\/en\/wp-json\/wp\/v2\/categories?post=7085"},{"taxonomy":"post_tag","embeddable":true,"href":"http:\/\/www.solskiekovrt.si\/en\/wp-json\/wp\/v2\/tags?post=7085"}],"curies":[{"name":"wp","href":"https:\/\/api.w.org\/{rel}","templated":true}]}}