{"id":6960,"date":"2019-04-19T06:42:56","date_gmt":"2019-04-19T05:42:56","guid":{"rendered":"http:\/\/www.solskiekovrt.si\/?p=6960"},"modified":"2019-10-29T09:36:24","modified_gmt":"2019-10-29T08:36:24","slug":"vabilo-na-spomladanski-seminar-programa-sev","status":"publish","type":"post","link":"http:\/\/www.solskiekovrt.si\/en\/vabilo-na-spomladanski-seminar-programa-sev\/","title":{"rendered":"VABILO na spomladanski seminar programa \u0160EV"},"content":{"rendered":"<p>Spo\u0161tovani mentorji \u0161olskih in vrt\u010devskih ekovrtov!<\/p>\n<p>Vabimo vas na <strong>spomladanski seminar programa \u00bb<em>\u0160olski <\/em><\/strong><strong><em>ekovrtovi<\/em><\/strong><strong>\u00ab<\/strong>, ki bo <strong>v sredo, 8. 5. 2019 od 8.30 do 14.30<\/strong>, v dvorani Ministrstva za izobra\u017eevanje, znanost in \u0161port.<\/p>\n<p>Osrednja tema tokratnega seminarja bo namenjena <strong>prehrani v \u0161olah in vrtcih.<\/strong><\/p>\n<p>Seminar je za \u010dlane mre\u017ee \u0160EV brezpla\u010den. Za zagotovitev mesta je <strong>OBVEZNA PRIJAVA prek e-po\u0161te: <\/strong><a href=\"mailto:solski.ekovrt@itr.si\"><strong>solski.ekovrt@itr.si<\/strong><\/a> ali prek <a href=\"https:\/\/forms.gle\/Pa8SfP2N5KNvPgSz9\"><strong>obrazca<\/strong><\/a> in sicer do zapolnitve prostih mest. Skrajni rok za prijavo je<strong> petek, 3. maj 2019. <\/strong><\/p>\n<p>Ve\u010d o seminarju in program seminarja najdete\u00a0<strong><a href=\"http:\/\/www.solskiekovrt.si\/wp-content\/uploads\/2019\/04\/VABILO-seminar-SEV_8-5-19.pdf\">TUKAJ<\/a>.<\/strong><\/p>\n<p>Vabimo vas, da dan pre\u017eivite v na\u0161i dru\u017ebi. Veselimo se sre\u010danja z vami!<\/p>","protected":false},"excerpt":{"rendered":"<p>Spo\u0161tovani mentorji \u0161olskih in vrt\u010devskih ekovrtov! Vabimo vas na spomladanski seminar programa \u00bb\u0160olski ekovrtovi\u00ab, ki bo v sredo, 8. 5. 2019 od 8.30 do 14.30, v dvorani Ministrstva za izobra\u017eevanje, znanost in \u0161port. Osrednja tema tokratnega seminarja bo namenjena prehrani v \u0161olah in vrtcih. Seminar je za \u010dlane mre\u017ee \u0160EV brezpla\u010den. Za zagotovitev mesta je OBVEZNA PRIJAVA prek e-po\u0161te: solski.ekovrt@itr.si ali prek obrazca in <a href=\"http:\/\/www.solskiekovrt.si\/en\/vabilo-na-spomladanski-seminar-programa-sev\/#more-'\" class=\"more-link\">ve\u010d \u00bb<\/a><\/p>","protected":false},"author":258,"featured_media":0,"comment_status":"closed","ping_status":"closed","sticky":false,"template":"","format":"standard","meta":{"footnotes":""},"categories":[27,54],"tags":[65],"class_list":["post-6960","post","type-post","status-publish","format-standard","hentry","category-blog","category-vabila","tag-seminar"],"jetpack_featured_media_url":"","_links":{"self":[{"href":"http:\/\/www.solskiekovrt.si\/en\/wp-json\/wp\/v2\/posts\/6960","targetHints":{"allow":["GET"]}}],"collection":[{"href":"http:\/\/www.solskiekovrt.si\/en\/wp-json\/wp\/v2\/posts"}],"about":[{"href":"http:\/\/www.solskiekovrt.si\/en\/wp-json\/wp\/v2\/types\/post"}],"author":[{"embeddable":true,"href":"http:\/\/www.solskiekovrt.si\/en\/wp-json\/wp\/v2\/users\/258"}],"replies":[{"embeddable":true,"href":"http:\/\/www.solskiekovrt.si\/en\/wp-json\/wp\/v2\/comments?post=6960"}],"version-history":[{"count":1,"href":"http:\/\/www.solskiekovrt.si\/en\/wp-json\/wp\/v2\/posts\/6960\/revisions"}],"predecessor-version":[{"id":6962,"href":"http:\/\/www.solskiekovrt.si\/en\/wp-json\/wp\/v2\/posts\/6960\/revisions\/6962"}],"wp:attachment":[{"href":"http:\/\/www.solskiekovrt.si\/en\/wp-json\/wp\/v2\/media?parent=6960"}],"wp:term":[{"taxonomy":"category","embeddable":true,"href":"http:\/\/www.solskiekovrt.si\/en\/wp-json\/wp\/v2\/categories?post=6960"},{"taxonomy":"post_tag","embeddable":true,"href":"http:\/\/www.solskiekovrt.si\/en\/wp-json\/wp\/v2\/tags?post=6960"}],"curies":[{"name":"wp","href":"https:\/\/api.w.org\/{rel}","templated":true}]}}