{"id":6002,"date":"2017-10-06T08:07:18","date_gmt":"2017-10-06T07:07:18","guid":{"rendered":"http:\/\/www.solskiekovrt.si\/?p=6002"},"modified":"2017-10-06T08:37:29","modified_gmt":"2017-10-06T07:37:29","slug":"vabilo-na-jesenski-seminar-programa-sev-in-zakljucni-seminar-projekta-eathink2015","status":"publish","type":"post","link":"http:\/\/www.solskiekovrt.si\/en\/vabilo-na-jesenski-seminar-programa-sev-in-zakljucni-seminar-projekta-eathink2015\/","title":{"rendered":"VABILO na jesenski seminar programa \u0160EV in zaklju\u010dni seminar projekta EAThink2015"},"content":{"rendered":"<p>Spo\u0161tovane mentorice in mentorji \u0161olskih in vrt\u010devskih ekovrtov in vsi sodelujo\u010di v projektu EAThink2015!<\/p>\n<p>V <strong>torek 24. 10. 2017<\/strong>, vas vabimo na\u00a0<strong><span style=\"color: #008000;\">jesenski seminar programa &#8220;\u0160olski ekovrtovi&#8221;<\/span><\/strong>, ki bo hkrati tudi <span style=\"color: #008000;\"><strong>zaklju\u010dni seminar projekta &#8220;EAThink2015&#8221;<\/strong><\/span>.<\/p>\n<p>Seminar bo potekal v <strong>Kongresni dvorani<\/strong>, ki se nahaja v drugem nadstropju <strong>Kristalne pala\u010de<\/strong> (Ameri\u0161ka ulica 8, Ljubljana), med 9.00 in 15.00.<\/p>\n<p>Znova je pri\u0161el tudi \u010das za <strong>podelitev znakov \u0160olski ekovrt<\/strong>, tako da \u017ee pridno pregledujemo va\u0161e prijave.<\/p>\n<p>Vse udele\u017eence bomo obdarili tudi z na\u0161im najbolj sve\u017eim sade\u017eem &#8211; <strong>priro\u010dnikom za globalno u\u010denje v \u0161oli<\/strong>, ki vsebuje izbor izobra\u017eevalnih orodij in u\u010dnih enot, razvitih v okviru projekta EAThink2015.<\/p>\n<p>Predstavili bomo tudi, kako bo program \u0160olski ekovrtovi potekal v novem \u0161olskem letu.<\/p>\n<p>Prijave na seminar sprejemamo <strong>do srede, 18. oktobra<\/strong> (oz. do zapolnitve prostih mest)\u00a0prek:<br \/>\n1. elektronske po\u0161te: <a href=\"mailto:solski.ekovrt@itr.si\">solski.ekovrt@itr.si<\/a> (navedite ime, priimek, VIZ),<br \/>\n2. spletnega obrazca: <a href=\"https:\/\/goo.gl\/forms\/yuiCcAgf5wWscg963\" target=\"_blank\">kliknite tukaj<\/a>.<\/p>\n<p>Pohitite s prijavami in si zagotovite mesto na seminarju.<\/p>\n<p>Se \u017ee veselimo dru\u017eenja z vami!<\/p>\n<p>Vabilo s programom dobite\u00a0<a href=\"http:\/\/www.solskiekovrt.si\/wp-content\/uploads\/2017\/10\/VABILO_EAThink-SEVseminar_24-10-17.pdf\" target=\"_blank\">TUKAJ<\/a>.<\/p>\n<p><a href=\"http:\/\/www.solskiekovrt.si\/wp-content\/uploads\/2016\/03\/eathink.jpg\"><img decoding=\"async\" class=\"alignnone  wp-image-5217\" src=\"http:\/\/www.solskiekovrt.si\/wp-content\/uploads\/2016\/03\/eathink.jpg\" alt=\"eathink\" width=\"123\" height=\"143\" \/><\/a><a href=\"http:\/\/www.solskiekovrt.si\/wp-content\/uploads\/2014\/06\/Barvni-pokoncni1.jpg\"><img decoding=\"async\" class=\"alignnone  wp-image-3142\" src=\"http:\/\/www.solskiekovrt.si\/wp-content\/uploads\/2014\/06\/Barvni-pokoncni1-300x300.jpg\" alt=\"Barvni pokoncni\" width=\"143\" height=\"143\" srcset=\"https:\/\/www.solskiekovrt.si\/wp-content\/uploads\/2014\/06\/Barvni-pokoncni1-300x300.jpg 300w, https:\/\/www.solskiekovrt.si\/wp-content\/uploads\/2014\/06\/Barvni-pokoncni1-150x150.jpg 150w, https:\/\/www.solskiekovrt.si\/wp-content\/uploads\/2014\/06\/Barvni-pokoncni1-50x50.jpg 50w, https:\/\/www.solskiekovrt.si\/wp-content\/uploads\/2014\/06\/Barvni-pokoncni1-60x60.jpg 60w, https:\/\/www.solskiekovrt.si\/wp-content\/uploads\/2014\/06\/Barvni-pokoncni1.jpg 336w\" sizes=\"(max-width: 143px) 100vw, 143px\" \/><\/a><a href=\"http:\/\/www.solskiekovrt.si\/wp-content\/uploads\/2017\/10\/MRSS_logotip.jpg\"><img decoding=\"async\" class=\"alignnone  wp-image-6016\" src=\"http:\/\/www.solskiekovrt.si\/wp-content\/uploads\/2017\/10\/MRSS_logotip-300x295.jpg\" alt=\"MRSS_logotip\" width=\"144\" height=\"142\" srcset=\"https:\/\/www.solskiekovrt.si\/wp-content\/uploads\/2017\/10\/MRSS_logotip-300x295.jpg 300w, https:\/\/www.solskiekovrt.si\/wp-content\/uploads\/2017\/10\/MRSS_logotip-50x50.jpg 50w, https:\/\/www.solskiekovrt.si\/wp-content\/uploads\/2017\/10\/MRSS_logotip-60x60.jpg 60w, https:\/\/www.solskiekovrt.si\/wp-content\/uploads\/2017\/10\/MRSS_logotip.jpg 407w\" sizes=\"(max-width: 144px) 100vw, 144px\" \/><\/a><\/p>","protected":false},"excerpt":{"rendered":"<p>Spo\u0161tovane mentorice in mentorji \u0161olskih in vrt\u010devskih ekovrtov in vsi sodelujo\u010di v projektu EAThink2015! V torek 24. 10. 2017, vas vabimo na\u00a0jesenski seminar programa &#8220;\u0160olski ekovrtovi&#8221;, ki bo hkrati tudi zaklju\u010dni seminar projekta &#8220;EAThink2015&#8221;. Seminar bo potekal v Kongresni dvorani, ki se nahaja v drugem nadstropju Kristalne pala\u010de (Ameri\u0161ka ulica 8, Ljubljana), med 9.00 in 15.00. Znova je pri\u0161el tudi \u010das za podelitev znakov <a href=\"http:\/\/www.solskiekovrt.si\/en\/vabilo-na-jesenski-seminar-programa-sev-in-zakljucni-seminar-projekta-eathink2015\/#more-'\" class=\"more-link\">ve\u010d \u00bb<\/a><\/p>","protected":false},"author":258,"featured_media":0,"comment_status":"closed","ping_status":"closed","sticky":false,"template":"","format":"standard","meta":{"footnotes":""},"categories":[27,44,54],"tags":[],"class_list":["post-6002","post","type-post","status-publish","format-standard","hentry","category-blog","category-novice","category-vabila"],"jetpack_featured_media_url":"","_links":{"self":[{"href":"http:\/\/www.solskiekovrt.si\/en\/wp-json\/wp\/v2\/posts\/6002","targetHints":{"allow":["GET"]}}],"collection":[{"href":"http:\/\/www.solskiekovrt.si\/en\/wp-json\/wp\/v2\/posts"}],"about":[{"href":"http:\/\/www.solskiekovrt.si\/en\/wp-json\/wp\/v2\/types\/post"}],"author":[{"embeddable":true,"href":"http:\/\/www.solskiekovrt.si\/en\/wp-json\/wp\/v2\/users\/258"}],"replies":[{"embeddable":true,"href":"http:\/\/www.solskiekovrt.si\/en\/wp-json\/wp\/v2\/comments?post=6002"}],"version-history":[{"count":5,"href":"http:\/\/www.solskiekovrt.si\/en\/wp-json\/wp\/v2\/posts\/6002\/revisions"}],"predecessor-version":[{"id":6017,"href":"http:\/\/www.solskiekovrt.si\/en\/wp-json\/wp\/v2\/posts\/6002\/revisions\/6017"}],"wp:attachment":[{"href":"http:\/\/www.solskiekovrt.si\/en\/wp-json\/wp\/v2\/media?parent=6002"}],"wp:term":[{"taxonomy":"category","embeddable":true,"href":"http:\/\/www.solskiekovrt.si\/en\/wp-json\/wp\/v2\/categories?post=6002"},{"taxonomy":"post_tag","embeddable":true,"href":"http:\/\/www.solskiekovrt.si\/en\/wp-json\/wp\/v2\/tags?post=6002"}],"curies":[{"name":"wp","href":"https:\/\/api.w.org\/{rel}","templated":true}]}}