{"id":2621,"date":"2014-07-09T07:59:10","date_gmt":"2014-07-09T06:59:10","guid":{"rendered":"http:\/\/www.solskiekovrt.si\/?p=2621"},"modified":"2016-12-16T13:48:12","modified_gmt":"2016-12-16T12:48:12","slug":"2621","status":"publish","type":"post","link":"http:\/\/www.solskiekovrt.si\/en\/2621\/","title":{"rendered":"NAJAVA: Prihaja jesenski seminar programa \u0160olski ekovrtovi"},"content":{"rendered":"<p>Lokacija: <strong>Velika sejna dvorana<\/strong> Ministrstva za izobra\u017eevanje, znanost in \u0161port (Masarykova cesta 16, 1000 Ljubljana)<\/p>\n<p><a href=\"http:\/\/www.solskiekovrt.si\/wp-content\/uploads\/2014\/07\/vabilo_in_program_28.11.13_seminarsev.pdf\">Vabilo in program jesenskega seminarja<\/a><\/p>\n<p>(<em>vsa mesta so \u017ee zasedena<\/em>)<\/p>\n<p>V leto\u0161njem jesenskem seminarju se bomo v dveh kraj\u0161ih delavnicah <strong>posebej sre\u010dali vrtci in posebej \u0161ole<\/strong>, da bomo lahko obdelali za vsako od skupin specifi\u010dne teme. Ve\u010dji del programa pa ostaja skupen.<br \/>\nTako bomo v \u00bb\u0161olski\u00ab delavnici namenili pozornost zelenim poklicem. Spoznavali bomo prilo\u017enosti, ki jih nudi <strong>pridelava in predelava ekolo\u0161kih pridelkov mladim<\/strong>, nadobudnim u\u010dencem in dijakom, ki se odlo\u010dajo o svoji poklicni poti. Tudi predstavitev iz prakse ne bo manjkala!<br \/>\nVrtci pa bodo spoznali primer, kako <strong>ekolo\u0161ki vrt celostno vklju\u010dujejo v svoje vrt\u010devsko delo v Vrtcu Kamnik<\/strong>. Pridru\u017eila se nam bo tudi <strong>dr. Marjanca Kos<\/strong> iz Pedago\u0161ke fakultete in predstavila izsledke najnovej\u0161e \u0161tudije o predstavah \u0161tiriletnikov o izvoru hrane.<\/p>\n<p><strong>Vabljeni mentorji vrt\u010devskih in \u0161olskih ekovrtov!<\/strong><\/p>","protected":false},"excerpt":{"rendered":"<p>Lokacija: Velika sejna dvorana Ministrstva za izobra\u017eevanje, znanost in \u0161port (Masarykova cesta 16, 1000 Ljubljana) Vabilo in program jesenskega seminarja (vsa mesta so \u017ee zasedena) V leto\u0161njem jesenskem seminarju se bomo v dveh kraj\u0161ih delavnicah posebej sre\u010dali vrtci in posebej \u0161ole, da bomo lahko obdelali za vsako od skupin specifi\u010dne teme. Ve\u010dji del programa pa ostaja skupen. Tako bomo v \u00bb\u0161olski\u00ab delavnici namenili pozornost <a href=\"http:\/\/www.solskiekovrt.si\/en\/2621\/#more-'\" class=\"more-link\">ve\u010d \u00bb<\/a><\/p>","protected":false},"author":258,"featured_media":0,"comment_status":"closed","ping_status":"closed","sticky":false,"template":"","format":"standard","meta":{"footnotes":""},"categories":[48,54],"tags":[],"class_list":["post-2621","post","type-post","status-publish","format-standard","hentry","category-mentorji","category-vabila"],"jetpack_featured_media_url":"","_links":{"self":[{"href":"http:\/\/www.solskiekovrt.si\/en\/wp-json\/wp\/v2\/posts\/2621","targetHints":{"allow":["GET"]}}],"collection":[{"href":"http:\/\/www.solskiekovrt.si\/en\/wp-json\/wp\/v2\/posts"}],"about":[{"href":"http:\/\/www.solskiekovrt.si\/en\/wp-json\/wp\/v2\/types\/post"}],"author":[{"embeddable":true,"href":"http:\/\/www.solskiekovrt.si\/en\/wp-json\/wp\/v2\/users\/258"}],"replies":[{"embeddable":true,"href":"http:\/\/www.solskiekovrt.si\/en\/wp-json\/wp\/v2\/comments?post=2621"}],"version-history":[{"count":2,"href":"http:\/\/www.solskiekovrt.si\/en\/wp-json\/wp\/v2\/posts\/2621\/revisions"}],"predecessor-version":[{"id":2624,"href":"http:\/\/www.solskiekovrt.si\/en\/wp-json\/wp\/v2\/posts\/2621\/revisions\/2624"}],"wp:attachment":[{"href":"http:\/\/www.solskiekovrt.si\/en\/wp-json\/wp\/v2\/media?parent=2621"}],"wp:term":[{"taxonomy":"category","embeddable":true,"href":"http:\/\/www.solskiekovrt.si\/en\/wp-json\/wp\/v2\/categories?post=2621"},{"taxonomy":"post_tag","embeddable":true,"href":"http:\/\/www.solskiekovrt.si\/en\/wp-json\/wp\/v2\/tags?post=2621"}],"curies":[{"name":"wp","href":"https:\/\/api.w.org\/{rel}","templated":true}]}}